{"id":13739,"date":"2025-10-03T16:07:18","date_gmt":"2025-10-03T14:07:18","guid":{"rendered":"https:\/\/ambbelgrado.esteri.it\/news\/dall_ambasciata\/2025\/10\/italia-serbia-rafforzamento-della-cooperazione-nel-campo-della-protezione-civile\/"},"modified":"2025-10-03T16:09:10","modified_gmt":"2025-10-03T14:09:10","slug":"italia-serbia-rafforzamento-della-cooperazione-nel-campo-della-protezione-civile","status":"publish","type":"post","link":"https:\/\/ambbelgrado.esteri.it\/sr\/news\/dall_ambasciata\/2025\/10\/italia-serbia-rafforzamento-della-cooperazione-nel-campo-della-protezione-civile\/","title":{"rendered":"ITALIJA-SRBIJA. JA\u010cANJE SARADNJE U OBLASTI CIVILNE ZA\u0160TITE"},"content":{"rendered":"<p>Ambasador Italije u Srbiji, Luka Gori, prisustvovao je pokretanju projekta \u201eJa\u010danje kapaciteta prekograni\u010dnog upravljanja rizikom od katastrofa i sistema ranog upozoravanja na Zapadnom Balkanu\u201c, \u010diji je cilj povec\u0301anje otpornosti na katastrofe i klimatske promene u regionu. Ovaj projekat, u kome u\u010destvuju Srbija, Albanija i Severna Makedonija, podr\u017eava Italijanska agencija za razvojnu saradnju (AICS) sa grantom od 4 miliona evra, a sprovodi ga Kancelarija Ujedinjenih nacija za smanjenje rizika od katastrofa (UNDRR), zajedno sa me\u0111unarodnim partnerima.<\/p>\n<p>Inicijativa ima za cilj ja\u010danje sistema ranog upozoravanja, pobolj\u0161anje upravljanja rizikom i promovisanje prekograni\u010dne saradnje integracijom nacionalnih sistema u Evropski mehanizam civilne za\u0161tite, posebno u uslovima sve u\u010destalijih vanrednih situacija izazvanih klimatskim promenama. Projekat tako\u0111e predvi\u0111a razvoj digitalnih platformi za podatke u realnom vremenu, naprednih sistema prac\u0301enja, kao i uvo\u0111enje mera za smanjenje rizika u nacionalne okvire za planiranje i bud\u017eetiranje.<\/p>\n<p>Doga\u0111aju organizovanom povodom pokretanja projekta, koji je odr\u017ean u sedi\u0161tu Ujedinjenih nacija u Beogradu, prisustvovali su predstavnici srpskih vlasti, Evropske unije, Svetske banke i brojne agencije UN.<\/p>\n<p>\u201eOvaj projekat koji finansira Italija va\u017ean je iz vi\u0161e razloga: ja\u010da bilateralnu saradnju izme\u0111u Rima i Beograda u oblasti civilne za\u0161tite; razvija regionalnu saradnju u tom pogledu; i pribli\u017eava Srbiju standardima EU\u201c, izjavio je Luka Gori, ambasador Italije u Srbiji.<\/p>\n","protected":false},"excerpt":{"rendered":"Ambasador Italije u Srbiji, Luka Gori, prisustvovao je pokretanju projekta \u201eJa\u010danje kapaciteta prekograni\u010dnog upravljanja rizikom od katastrofa i sistema ranog upozoravanja na Zapadnom Balkanu\u201c, \u010diji je cilj povec\u0301anje otpornosti na katastrofe i klimatske promene u regionu. Ovaj projekat, u kome u\u010destvuju Srbija, Albanija i Severna Makedonija, podr\u017eava Italijanska agencija za razvojnu saradnju (AICS) sa grantom [&hellip;]","protected":false},"author":6,"featured_media":13727,"comment_status":"closed","ping_status":"closed","sticky":false,"template":"","format":"standard","meta":{"footnotes":""},"tags":[],"class_list":["post-13739","post","type-post","status-publish","format-standard","has-post-thumbnail","hentry"],"_links":{"self":[{"href":"https:\/\/ambbelgrado.esteri.it\/sr\/wp-json\/wp\/v2\/posts\/13739","targetHints":{"allow":["GET"]}}],"collection":[{"href":"https:\/\/ambbelgrado.esteri.it\/sr\/wp-json\/wp\/v2\/posts"}],"about":[{"href":"https:\/\/ambbelgrado.esteri.it\/sr\/wp-json\/wp\/v2\/types\/post"}],"author":[{"embeddable":true,"href":"https:\/\/ambbelgrado.esteri.it\/sr\/wp-json\/wp\/v2\/users\/6"}],"replies":[{"embeddable":true,"href":"https:\/\/ambbelgrado.esteri.it\/sr\/wp-json\/wp\/v2\/comments?post=13739"}],"version-history":[{"count":1,"href":"https:\/\/ambbelgrado.esteri.it\/sr\/wp-json\/wp\/v2\/posts\/13739\/revisions"}],"predecessor-version":[{"id":13740,"href":"https:\/\/ambbelgrado.esteri.it\/sr\/wp-json\/wp\/v2\/posts\/13739\/revisions\/13740"}],"wp:featuredmedia":[{"embeddable":true,"href":"https:\/\/ambbelgrado.esteri.it\/sr\/wp-json\/wp\/v2\/media\/13727"}],"wp:attachment":[{"href":"https:\/\/ambbelgrado.esteri.it\/sr\/wp-json\/wp\/v2\/media?parent=13739"}],"wp:term":[{"taxonomy":"post_tag","embeddable":true,"href":"https:\/\/ambbelgrado.esteri.it\/sr\/wp-json\/wp\/v2\/tags?post=13739"}],"curies":[{"name":"wp","href":"https:\/\/api.w.org\/{rel}","templated":true}]}}