{"id":13709,"date":"2025-10-03T12:33:26","date_gmt":"2025-10-03T10:33:26","guid":{"rendered":"https:\/\/ambbelgrado.esteri.it\/news\/dall_ambasciata\/2025\/10\/lambasciatore-ditalia-in-serbia-luca-gori-inaugura-liniziativa-litaliano-per-aperitivo-libri-in-circolo\/"},"modified":"2025-10-03T12:35:08","modified_gmt":"2025-10-03T10:35:08","slug":"lambasciatore-ditalia-in-serbia-luca-gori-inaugura-liniziativa-litaliano-per-aperitivo-libri-in-circolo","status":"publish","type":"post","link":"https:\/\/ambbelgrado.esteri.it\/sr\/news\/dall_ambasciata\/2025\/10\/lambasciatore-ditalia-in-serbia-luca-gori-inaugura-liniziativa-litaliano-per-aperitivo-libri-in-circolo\/","title":{"rendered":"AMBASADOR ITALIJE U SRBIJI, LUKA GORI, POKRENUO INICIJATIVU \u201eITALIJANSKI ZA APERITIV &#8211; KNJIGE U KRUG\u201c"},"content":{"rendered":"<p>Ve\u010de posvec\u0301eno knjigama i italijanskom jeziku odr\u017eano je u rezidenciji ambasadora Italije u Beogradu, Luke Gorija. Pokretanjem inicijative \u201eItalijanski za aperitiv &#8211; Knjige u krug\u201c, Ambasada i Italijanski institut za kulturu okupili su dinami\u010dnu italijansku zajednicu u Srbiji na doga\u0111aju posvec\u0301enom italijanskom jeziku i kulturi.<\/p>\n<p>Tokom ve\u010deri, u\u010desnici &#8211; podeljeni po tematskim stolovima posvec\u0301enim savremenim italijanskim autorima &#8211; poneli su sa sobom po knjigu na italijanskom jeziku, koju su prvo predstavili a zatim razmenili. Bila je to prilika za razgovor o knji\u017eevnosti i \u0161ansa za ve\u017ebanje italijanskog jezika u neformalnom i prijateljskom okru\u017eenju.<\/p>\n<p>Ve\u010de je tako\u0111e poslu\u017eilo za predstavljanje srpskog programa za Nedelju italijanskog jezika u svetu (SLIM), koja se odr\u017eava po 25. put i ove godine je posvec\u0301ena temi \u201eItalofonija: Jezik izvan granica\u201c.<\/p>\n<p>\u201eInicijativom &#8216;Italijanski za aperitiv &#8211; knjige u krug&#8217;, \u017eeleli smo da oja\u010damo veze unutar italijanske govorne zajednice u Srbiji, nudec\u0301i priliku da ve\u017ebamo jezik kroz igru, knjige i knji\u017eevnost\u201c, rekao je Luka Gori, ambasador Italije u Srbiji. \u201eKnjige c\u0301e tako\u0111e biti u fokusu programa predsoje\u0107e Nedelje italijanskog jezika (SLIM), budu\u0107i da smo uklju\u010dili biblioteke \u0161irom Srbije u projekat promocije njihovih publikacija na italijanskom jeziku\u201c dodao je Gori.<\/p>\n","protected":false},"excerpt":{"rendered":"Ve\u010de posvec\u0301eno knjigama i italijanskom jeziku odr\u017eano je u rezidenciji ambasadora Italije u Beogradu, Luke Gorija. Pokretanjem inicijative \u201eItalijanski za aperitiv &#8211; Knjige u krug\u201c, Ambasada i Italijanski institut za kulturu okupili su dinami\u010dnu italijansku zajednicu u Srbiji na doga\u0111aju posvec\u0301enom italijanskom jeziku i kulturi. Tokom ve\u010deri, u\u010desnici &#8211; podeljeni po tematskim stolovima posvec\u0301enim savremenim [&hellip;]","protected":false},"author":7,"featured_media":13685,"comment_status":"closed","ping_status":"closed","sticky":false,"template":"","format":"standard","meta":{"footnotes":""},"tags":[],"class_list":["post-13709","post","type-post","status-publish","format-standard","has-post-thumbnail","hentry"],"_links":{"self":[{"href":"https:\/\/ambbelgrado.esteri.it\/sr\/wp-json\/wp\/v2\/posts\/13709","targetHints":{"allow":["GET"]}}],"collection":[{"href":"https:\/\/ambbelgrado.esteri.it\/sr\/wp-json\/wp\/v2\/posts"}],"about":[{"href":"https:\/\/ambbelgrado.esteri.it\/sr\/wp-json\/wp\/v2\/types\/post"}],"author":[{"embeddable":true,"href":"https:\/\/ambbelgrado.esteri.it\/sr\/wp-json\/wp\/v2\/users\/7"}],"replies":[{"embeddable":true,"href":"https:\/\/ambbelgrado.esteri.it\/sr\/wp-json\/wp\/v2\/comments?post=13709"}],"version-history":[{"count":1,"href":"https:\/\/ambbelgrado.esteri.it\/sr\/wp-json\/wp\/v2\/posts\/13709\/revisions"}],"predecessor-version":[{"id":13712,"href":"https:\/\/ambbelgrado.esteri.it\/sr\/wp-json\/wp\/v2\/posts\/13709\/revisions\/13712"}],"wp:featuredmedia":[{"embeddable":true,"href":"https:\/\/ambbelgrado.esteri.it\/sr\/wp-json\/wp\/v2\/media\/13685"}],"wp:attachment":[{"href":"https:\/\/ambbelgrado.esteri.it\/sr\/wp-json\/wp\/v2\/media?parent=13709"}],"wp:term":[{"taxonomy":"post_tag","embeddable":true,"href":"https:\/\/ambbelgrado.esteri.it\/sr\/wp-json\/wp\/v2\/tags?post=13709"}],"curies":[{"name":"wp","href":"https:\/\/api.w.org\/{rel}","templated":true}]}}