{"id":13618,"date":"2025-09-29T17:13:02","date_gmt":"2025-09-29T15:13:02","guid":{"rendered":"https:\/\/ambbelgrado.esteri.it\/news\/dall_ambasciata\/2025\/09\/lambasciatore-ditalia-in-serbia-luca-gori-allinaugurazione-del-primo-biodistretto-serbo-a-kolubara-realizzato-sul-modello-italiano\/"},"modified":"2025-09-29T17:14:40","modified_gmt":"2025-09-29T15:14:40","slug":"lambasciatore-ditalia-in-serbia-luca-gori-allinaugurazione-del-primo-biodistretto-serbo-a-kolubara-realizzato-sul-modello-italiano","status":"publish","type":"post","link":"https:\/\/ambbelgrado.esteri.it\/sr\/news\/dall_ambasciata\/2025\/09\/lambasciatore-ditalia-in-serbia-luca-gori-allinaugurazione-del-primo-biodistretto-serbo-a-kolubara-realizzato-sul-modello-italiano\/","title":{"rendered":"AMBASADOR ITALIJE U SRBIJI LUKA GORI NA SVE\u010cANOM OTVARANJU PRVOG SRPSKOG BIODISTRIKTA U KOLUBARI PROJEKTOVANOG PO ITALIJANSKOM MODELU"},"content":{"rendered":"<p>Ambasador Italije u Srbiji, Luka Gori, prisustvovao je ceremoniji otvaranja prvog srpskog biodistrikta, koji se nalazi u Kolubarskom okrugu i projektovan je po italijanskom modelu. Tokom doga\u0111aja, odr\u017eanog u Kulturnom centru Mionica, zaklju\u010den je sporazum o bratimljenju izme\u0111u srpske op\u0161tine Mionica i italijanske op\u0161tine \u010cerazo, glavnog grada biodistrikta \u010cilento, prvog biodistrikta na svetu. Sve\u010danosti su prisustvovali gradona\u010delnici Boban Jankovic\u0301 i Anjelo Krokamo. Inicijativa prvog srpskog biodistrikta, koja ima za cilj promociju odr\u017eivih poljoprivrednih praksi, organskih lanaca snabdevanja i integrisanih modela rasta, predstavlja va\u017ean korak ka ja\u010danju teritorijalne saradnje izme\u0111u Italije i Srbije, zasnovane na zajedni\u010dkim vrednostima odr\u017eivosti, inovacije i lokalnog razvoja. Sastanku su prisustvovale i Jelena Blagojevic\u0301, pomoc\u0301nica ministra u Ministarstvu poljoprivrede, \u0161umarstva i vodoprivrede Republike Srbije, i Ivana Simic\u0301, generalna sekretarka Udru\u017eenja \u201eSerbia Organica\u201d.<\/p>\n<p>\u201eItalija izvozi ne samo svoje izvrsne proizvode, vec\u0301 i na\u010din na koji ih proizvodi: model koji se zasniva na kvalitetu, odr\u017eivosti i transparentnosti porekla\u201c, izjavio je italijanski ambasador u Srbiji, Luka Gori. \u201eOdr\u017eiva poljoprivreda\u201c, dodao je Gori, \u201ebila je u fokusu tri poslovna foruma koje je ambasada organizovala u protekle dve godine, potvr\u0111ujuc\u0301i centralnu ulogu ovog sektora u saradnji izme\u0111u Italije i Srbije, ulogu koja je tako\u0111e nagla\u0161ena na\u0161im u\u010de\u0161c\u0301em na Poljoprivrednom sajmu u Novom Sadu i Vinskoj viziji.\u201c<\/p>\n","protected":false},"excerpt":{"rendered":"Ambasador Italije u Srbiji, Luka Gori, prisustvovao je ceremoniji otvaranja prvog srpskog biodistrikta, koji se nalazi u Kolubarskom okrugu i projektovan je po italijanskom modelu. Tokom doga\u0111aja, odr\u017eanog u Kulturnom centru Mionica, zaklju\u010den je sporazum o bratimljenju izme\u0111u srpske op\u0161tine Mionica i italijanske op\u0161tine \u010cerazo, glavnog grada biodistrikta \u010cilento, prvog biodistrikta na svetu. Sve\u010danosti su [&hellip;]","protected":false},"author":6,"featured_media":13613,"comment_status":"closed","ping_status":"closed","sticky":false,"template":"","format":"standard","meta":{"footnotes":""},"tags":[],"class_list":["post-13618","post","type-post","status-publish","format-standard","has-post-thumbnail","hentry"],"_links":{"self":[{"href":"https:\/\/ambbelgrado.esteri.it\/sr\/wp-json\/wp\/v2\/posts\/13618","targetHints":{"allow":["GET"]}}],"collection":[{"href":"https:\/\/ambbelgrado.esteri.it\/sr\/wp-json\/wp\/v2\/posts"}],"about":[{"href":"https:\/\/ambbelgrado.esteri.it\/sr\/wp-json\/wp\/v2\/types\/post"}],"author":[{"embeddable":true,"href":"https:\/\/ambbelgrado.esteri.it\/sr\/wp-json\/wp\/v2\/users\/6"}],"replies":[{"embeddable":true,"href":"https:\/\/ambbelgrado.esteri.it\/sr\/wp-json\/wp\/v2\/comments?post=13618"}],"version-history":[{"count":1,"href":"https:\/\/ambbelgrado.esteri.it\/sr\/wp-json\/wp\/v2\/posts\/13618\/revisions"}],"predecessor-version":[{"id":13620,"href":"https:\/\/ambbelgrado.esteri.it\/sr\/wp-json\/wp\/v2\/posts\/13618\/revisions\/13620"}],"wp:featuredmedia":[{"embeddable":true,"href":"https:\/\/ambbelgrado.esteri.it\/sr\/wp-json\/wp\/v2\/media\/13613"}],"wp:attachment":[{"href":"https:\/\/ambbelgrado.esteri.it\/sr\/wp-json\/wp\/v2\/media?parent=13618"}],"wp:term":[{"taxonomy":"post_tag","embeddable":true,"href":"https:\/\/ambbelgrado.esteri.it\/sr\/wp-json\/wp\/v2\/tags?post=13618"}],"curies":[{"name":"wp","href":"https:\/\/api.w.org\/{rel}","templated":true}]}}