{"id":13602,"date":"2025-09-29T10:40:51","date_gmt":"2025-09-29T08:40:51","guid":{"rendered":"https:\/\/ambbelgrado.esteri.it\/news\/dall_ambasciata\/2025\/09\/scadenza-delle-carte-didentita-cartacee-cic-il-3-agosto-2026\/"},"modified":"2025-09-29T10:48:08","modified_gmt":"2025-09-29T08:48:08","slug":"scadenza-delle-carte-didentita-cartacee-cic-il-3-agosto-2026","status":"publish","type":"post","link":"https:\/\/ambbelgrado.esteri.it\/sr\/news\/dall_ambasciata\/2025\/09\/scadenza-delle-carte-didentita-cartacee-cic-il-3-agosto-2026\/","title":{"rendered":"PRESTANAK VA\u017dENJA PAPIRNIH LI\u010cNIH KARATA (CIC) 3. AVGUSTA 2026. GODINE"},"content":{"rendered":"<p>Obave\u0161tavamo korisnike da c\u0301e papirne li\u010dne karte (CIC), bez obzira na datum isteka naveden na dokumentu, prestati da va\u017ee od 3. avgusta 2026. godine, u skladu sa Uredbom EU br. 1157\/2019.<\/p>\n<p>Stoga se italijanskim dr\u017eavljanima koji poseduju samo CIC savetuje da podnesu zahtev za izdavanje elektronske li\u010dne karte (CIE) ili paso\u0161a.<\/p>\n<p>Sve informacije o izdavanju CIE i paso\u0161a dostupne su na internet stranici ambasade (<a href=\"https:\/\/ambbelgrado.esteri.it\/sr\/servizi-consolari-e-visti\/servizi-per-il-cittadino-italiano\/passaporti-e-carte-didentita\/\">Paso\u0161i i li\u010dne karte \u2013 Ambasada Italije u Beogradu<\/a>).<\/p>\n<p>&nbsp;<\/p>\n<p>&nbsp;<\/p>\n","protected":false},"excerpt":{"rendered":"Obave\u0161tavamo korisnike da c\u0301e papirne li\u010dne karte (CIC), bez obzira na datum isteka naveden na dokumentu, prestati da va\u017ee od 3. avgusta 2026. godine, u skladu sa Uredbom EU br. 1157\/2019. Stoga se italijanskim dr\u017eavljanima koji poseduju samo CIC savetuje da podnesu zahtev za izdavanje elektronske li\u010dne karte (CIE) ili paso\u0161a. Sve informacije o izdavanju [&hellip;]","protected":false},"author":6,"featured_media":9188,"comment_status":"closed","ping_status":"closed","sticky":false,"template":"","format":"standard","meta":{"footnotes":""},"tags":[12],"class_list":["post-13602","post","type-post","status-publish","format-standard","has-post-thumbnail","hentry","tag-italiani-nel-mondo"],"_links":{"self":[{"href":"https:\/\/ambbelgrado.esteri.it\/sr\/wp-json\/wp\/v2\/posts\/13602","targetHints":{"allow":["GET"]}}],"collection":[{"href":"https:\/\/ambbelgrado.esteri.it\/sr\/wp-json\/wp\/v2\/posts"}],"about":[{"href":"https:\/\/ambbelgrado.esteri.it\/sr\/wp-json\/wp\/v2\/types\/post"}],"author":[{"embeddable":true,"href":"https:\/\/ambbelgrado.esteri.it\/sr\/wp-json\/wp\/v2\/users\/6"}],"replies":[{"embeddable":true,"href":"https:\/\/ambbelgrado.esteri.it\/sr\/wp-json\/wp\/v2\/comments?post=13602"}],"version-history":[{"count":1,"href":"https:\/\/ambbelgrado.esteri.it\/sr\/wp-json\/wp\/v2\/posts\/13602\/revisions"}],"predecessor-version":[{"id":13604,"href":"https:\/\/ambbelgrado.esteri.it\/sr\/wp-json\/wp\/v2\/posts\/13602\/revisions\/13604"}],"wp:featuredmedia":[{"embeddable":true,"href":"https:\/\/ambbelgrado.esteri.it\/sr\/wp-json\/wp\/v2\/media\/9188"}],"wp:attachment":[{"href":"https:\/\/ambbelgrado.esteri.it\/sr\/wp-json\/wp\/v2\/media?parent=13602"}],"wp:term":[{"taxonomy":"post_tag","embeddable":true,"href":"https:\/\/ambbelgrado.esteri.it\/sr\/wp-json\/wp\/v2\/tags?post=13602"}],"curies":[{"name":"wp","href":"https:\/\/api.w.org\/{rel}","templated":true}]}}