{"id":13587,"date":"2025-09-26T16:04:22","date_gmt":"2025-09-26T14:04:22","guid":{"rendered":"https:\/\/ambbelgrado.esteri.it\/news\/dall_ambasciata\/2025\/09\/giornata-dello-sport-italiano-nel-mondo-la-nuova-ducati-desmo-mx450-presentata-presso-la-residenza-dellambasciatore-ditalia-a-belgrado\/"},"modified":"2025-09-26T16:06:00","modified_gmt":"2025-09-26T14:06:00","slug":"giornata-dello-sport-italiano-nel-mondo-la-nuova-ducati-desmo-mx450-presentata-presso-la-residenza-dellambasciatore-ditalia-a-belgrado","status":"publish","type":"post","link":"https:\/\/ambbelgrado.esteri.it\/sr\/news\/dall_ambasciata\/2025\/09\/giornata-dello-sport-italiano-nel-mondo-la-nuova-ducati-desmo-mx450-presentata-presso-la-residenza-dellambasciatore-ditalia-a-belgrado\/","title":{"rendered":"DAN ITALIJANSKOG SPORTA U SVETU: NOVI DUCATI DESMO MX450 PREDSTAVLJEN U REZIDENCIJI AMBASADORA ITALIJE U BEOGRADU"},"content":{"rendered":"<p>Novi <em>Ducati Desmo MX450<\/em> predstavljen je u rezidenciji ambasadora Italije u Srbiji, Luke Gorija.<\/p>\n<p>Doga\u0111aj, organizovan u saradnji sa \u201cDucati Beograd\u201d, okupio je predstavnike institucija, li\u010dnosti iz sveta sporta, poslovnu zajednicu i novinare. Bila je ovo prilika da se proslavi italijanska izvrsnost u sektoru motociklizma i sporta i istakne uloga sporta kao instrumenta dijaloga i me\u0111unarodne saradnje. Prezentacija je odr\u017eana u okviru Dana italijanskog sporta u svetu, inicijative koju promovi\u0161e Ministarstvo spoljnih poslova i me\u0111unarodne saradnje, u saradnji sa Nacionalnim olimpijskim komitetom Italije (CONI), sa ciljem \u0161irenja italijanskih sportskih vrednosti \u0161irom sveta i promovisanja zdravog i inkluzivnog na\u010dina \u017eivota.<\/p>\n<p>Uz posebnu izlo\u017ebu panela i fotografija posvec\u0301enih sportskoj istoriji Dukatija, ve\u010de je tako\u0111e poslu\u017eilo kao prilika da se istaknu neke od osobenosti Italije po kojima je ona prepoznatljiva u svetu: strast, inovativnost i sportski u\u010dinak.<\/p>\n<p>\u201eDan italijanskog sporta u svetu je inicijativa koja nam omoguc\u0301ava da srpskoj javnosti prika\u017eemo vrednost sporta kao univerzalnog jezika, koji ima sposobnost da ujedini kulture i zajednice\u201c, izjavio je Luka Gori, ambasador Italije u Srbiji. \u201ePredstavljanje jedne italijanske izvrsnosti kao \u0161to je <em>Ducati<\/em> u Beogradu\u201c, dodao je, \u201edoprine\u0107e imid\u017eu na\u0161e zemlje, posebno imaju\u0107i u vidu predstoje\u0107i Expo 2027, kada \u0107e sport, pored muzike, biti klju\u010dna tema ove manifestacije u Beogradu.\u201c<\/p>\n","protected":false},"excerpt":{"rendered":"Novi Ducati Desmo MX450 predstavljen je u rezidenciji ambasadora Italije u Srbiji, Luke Gorija. Doga\u0111aj, organizovan u saradnji sa \u201cDucati Beograd\u201d, okupio je predstavnike institucija, li\u010dnosti iz sveta sporta, poslovnu zajednicu i novinare. Bila je ovo prilika da se proslavi italijanska izvrsnost u sektoru motociklizma i sporta i istakne uloga sporta kao instrumenta dijaloga i [&hellip;]","protected":false},"author":6,"featured_media":13574,"comment_status":"closed","ping_status":"closed","sticky":false,"template":"","format":"standard","meta":{"footnotes":""},"tags":[],"class_list":["post-13587","post","type-post","status-publish","format-standard","has-post-thumbnail","hentry"],"_links":{"self":[{"href":"https:\/\/ambbelgrado.esteri.it\/sr\/wp-json\/wp\/v2\/posts\/13587","targetHints":{"allow":["GET"]}}],"collection":[{"href":"https:\/\/ambbelgrado.esteri.it\/sr\/wp-json\/wp\/v2\/posts"}],"about":[{"href":"https:\/\/ambbelgrado.esteri.it\/sr\/wp-json\/wp\/v2\/types\/post"}],"author":[{"embeddable":true,"href":"https:\/\/ambbelgrado.esteri.it\/sr\/wp-json\/wp\/v2\/users\/6"}],"replies":[{"embeddable":true,"href":"https:\/\/ambbelgrado.esteri.it\/sr\/wp-json\/wp\/v2\/comments?post=13587"}],"version-history":[{"count":2,"href":"https:\/\/ambbelgrado.esteri.it\/sr\/wp-json\/wp\/v2\/posts\/13587\/revisions"}],"predecessor-version":[{"id":13591,"href":"https:\/\/ambbelgrado.esteri.it\/sr\/wp-json\/wp\/v2\/posts\/13587\/revisions\/13591"}],"wp:featuredmedia":[{"embeddable":true,"href":"https:\/\/ambbelgrado.esteri.it\/sr\/wp-json\/wp\/v2\/media\/13574"}],"wp:attachment":[{"href":"https:\/\/ambbelgrado.esteri.it\/sr\/wp-json\/wp\/v2\/media?parent=13587"}],"wp:term":[{"taxonomy":"post_tag","embeddable":true,"href":"https:\/\/ambbelgrado.esteri.it\/sr\/wp-json\/wp\/v2\/tags?post=13587"}],"curies":[{"name":"wp","href":"https:\/\/api.w.org\/{rel}","templated":true}]}}