{"id":13494,"date":"2025-09-19T10:08:47","date_gmt":"2025-09-19T08:08:47","guid":{"rendered":"https:\/\/ambbelgrado.esteri.it\/news\/dall_ambasciata\/2025\/09\/x-edizione-del-festival-del-cinema-italo-serbo-18-22-settembre-2025\/"},"modified":"2025-09-19T10:09:46","modified_gmt":"2025-09-19T08:09:46","slug":"x-edizione-del-festival-del-cinema-italo-serbo-18-22-settembre-2025","status":"publish","type":"post","link":"https:\/\/ambbelgrado.esteri.it\/sr\/news\/dall_ambasciata\/2025\/09\/x-edizione-del-festival-del-cinema-italo-serbo-18-22-settembre-2025\/","title":{"rendered":"X FESTIVAL ITALIJANSKO-SRPSKOG FILMA (18-22. SEPTEMBAR 2025)"},"content":{"rendered":"<p>Konferencija za novinare povodom otvaranja X Festivala italijansko-srpskog filma odr\u017eana je u Beogradu, u rezidenciji ambasadora Italije, Luke Gorija. Ova manifestacija je tokom godina postala zna\u010dajan kulturni doga\u0111aj koji promovi\u0161e umetni\u010dki dijalog i saradnju u oblasti kinematografije izme\u0111u Italije i Srbije.<\/p>\n<p>U prisustvu predstavnika sveta filma i medija, predstavljeni su program i brojne inicijative u okviru ovogodi\u0161nje manifestacije. Festival c\u0301e publici ponuditi selekciju italijanskih i srpskih filmova, kao i susrete sa producentima i glumcima, me\u0111u kojima su Fortunato \u010cerlino i Salvatore Espozito, biv\u0161e zvezde serije \u201eGomora\u201c i \u010dlanovi gluma\u010dke ekipe filma \u201eBratstvo lopova 2\u201c, koji c\u0301e biti prikazan na festivalu.<\/p>\n<p>Festival, koji je priredila Gabrijela Karlu\u010di, organizuje <em>Excellence International<\/em> u saradnji sa Jugoslovenskom kinotekom, uz podr\u0161ku ambasade Italije u Beogradu i Italijanskog instituta za kulturu u Srbiji.<\/p>\n<p>\u201eFestival Italijansko-srpskog filma, koji se ove godine odr\u017eava po deseti put, dragoceno je svedo\u010danstvo kulturnih veza koje spajaju na\u0161e zemlje\u201c, izjavio je Luka Gori, ambasador Italije u Beogradu. \u201eU oblasti filmske produkcije\u201c, dodao je ambasador, \u201eItalija i Srbija mogu ra\u010dunati i na bilateralni sporazum koji nudi brojne moguc\u0301nosti.\u201c<\/p>\n","protected":false},"excerpt":{"rendered":"Konferencija za novinare povodom otvaranja X Festivala italijansko-srpskog filma odr\u017eana je u Beogradu, u rezidenciji ambasadora Italije, Luke Gorija. Ova manifestacija je tokom godina postala zna\u010dajan kulturni doga\u0111aj koji promovi\u0161e umetni\u010dki dijalog i saradnju u oblasti kinematografije izme\u0111u Italije i Srbije. U prisustvu predstavnika sveta filma i medija, predstavljeni su program i brojne inicijative u [&hellip;]","protected":false},"author":6,"featured_media":13489,"comment_status":"closed","ping_status":"closed","sticky":false,"template":"","format":"standard","meta":{"footnotes":""},"tags":[],"class_list":["post-13494","post","type-post","status-publish","format-standard","has-post-thumbnail","hentry"],"_links":{"self":[{"href":"https:\/\/ambbelgrado.esteri.it\/sr\/wp-json\/wp\/v2\/posts\/13494","targetHints":{"allow":["GET"]}}],"collection":[{"href":"https:\/\/ambbelgrado.esteri.it\/sr\/wp-json\/wp\/v2\/posts"}],"about":[{"href":"https:\/\/ambbelgrado.esteri.it\/sr\/wp-json\/wp\/v2\/types\/post"}],"author":[{"embeddable":true,"href":"https:\/\/ambbelgrado.esteri.it\/sr\/wp-json\/wp\/v2\/users\/6"}],"replies":[{"embeddable":true,"href":"https:\/\/ambbelgrado.esteri.it\/sr\/wp-json\/wp\/v2\/comments?post=13494"}],"version-history":[{"count":1,"href":"https:\/\/ambbelgrado.esteri.it\/sr\/wp-json\/wp\/v2\/posts\/13494\/revisions"}],"predecessor-version":[{"id":13497,"href":"https:\/\/ambbelgrado.esteri.it\/sr\/wp-json\/wp\/v2\/posts\/13494\/revisions\/13497"}],"wp:featuredmedia":[{"embeddable":true,"href":"https:\/\/ambbelgrado.esteri.it\/sr\/wp-json\/wp\/v2\/media\/13489"}],"wp:attachment":[{"href":"https:\/\/ambbelgrado.esteri.it\/sr\/wp-json\/wp\/v2\/media?parent=13494"}],"wp:term":[{"taxonomy":"post_tag","embeddable":true,"href":"https:\/\/ambbelgrado.esteri.it\/sr\/wp-json\/wp\/v2\/tags?post=13494"}],"curies":[{"name":"wp","href":"https:\/\/api.w.org\/{rel}","templated":true}]}}