{"id":13455,"date":"2025-09-12T10:41:56","date_gmt":"2025-09-12T08:41:56","guid":{"rendered":"https:\/\/ambbelgrado.esteri.it\/?p=13455"},"modified":"2025-09-12T10:43:15","modified_gmt":"2025-09-12T08:43:15","slug":"beograd-ambasador-gori-otvorio-humanitarni-festival-italijanske-ulicne-hrane","status":"publish","type":"post","link":"https:\/\/ambbelgrado.esteri.it\/sr\/news\/dall_ambasciata\/2025\/09\/beograd-ambasador-gori-otvorio-humanitarni-festival-italijanske-ulicne-hrane\/","title":{"rendered":"BEOGRAD, AMBASADOR GORI OTVORIO HUMANITARNI FESTIVAL ITALIJANSKE ULI\u010cNE HRANE"},"content":{"rendered":"<p>Ambasador Italije u Srbiji, Luka Gori, otvorio je ju\u010de humanitarni festival italijanske uli\u010dne hrane \u201c<em>Italian Street Food Charity Festival<\/em>\u201d, koji se odr\u017eao u Dorc\u0301ol Platz-u u Beogradu. Ovaj dobrotvorni doga\u0111aj, koji je organizovala Konfindustrija Srbija u saradnji sa NURDOR-om (Nacionalnim udru\u017eenjem roditelja dece obolele od raka) okupio je preduzec\u0301a i gra\u0111ane kako bi se prikupila sredstva za le\u010denje i rehabilitaciju dece obolele od raka. Tokom ceremonije otvaranja, govorili su Erik Kosuta, prvi potpredsednik Konfindustrije Srbija, i Joland Korora, predsednik NURDOR-a, isti\u010duc\u0301i va\u017enost sinergije izme\u0111u poslovnog sveta i neprofitnog sektora u promociji inicijativa sa dru\u0161tvenim uticajem.<\/p>\n<p>Festival je posetiocima ponudio \u0161iroku ponudu italijanskih kulinarskih specijaliteta, uz zabavu, kreativne radionice za decu i umetni\u010dke nastupe. Sva sredstva prikupljena prodajom karata i donacija bic\u0301e donirana udru\u017eenju NURDOR.<\/p>\n<p>\u201eOva inicijativa nije samo proslava italijanske kulinarske kulture, vec\u0301 pre svega predstavlja opipljiv znak solidarnosti\u201c, rekao je ambasador Gori. \u201eBogatstvo na\u0161ih gastronomskih tradicija i njihov inovativni duh\u201c, dodao je, \u201esada su transformisani u konkretan instrument deljenja i nade. Ne mogu biti ponosniji \u0161to sam deo ove inicijative.\u201c<\/p>\n","protected":false},"excerpt":{"rendered":"Ambasador Italije u Srbiji, Luka Gori, otvorio je ju\u010de humanitarni festival italijanske uli\u010dne hrane \u201cItalian Street Food Charity Festival\u201d, koji se odr\u017eao u Dorc\u0301ol Platz-u u Beogradu. Ovaj dobrotvorni doga\u0111aj, koji je organizovala Konfindustrija Srbija u saradnji sa NURDOR-om (Nacionalnim udru\u017eenjem roditelja dece obolele od raka) okupio je preduzec\u0301a i gra\u0111ane kako bi se prikupila [&hellip;]","protected":false},"author":6,"featured_media":13446,"comment_status":"closed","ping_status":"closed","sticky":false,"template":"","format":"standard","meta":{"footnotes":""},"tags":[],"class_list":["post-13455","post","type-post","status-publish","format-standard","has-post-thumbnail","hentry"],"_links":{"self":[{"href":"https:\/\/ambbelgrado.esteri.it\/sr\/wp-json\/wp\/v2\/posts\/13455","targetHints":{"allow":["GET"]}}],"collection":[{"href":"https:\/\/ambbelgrado.esteri.it\/sr\/wp-json\/wp\/v2\/posts"}],"about":[{"href":"https:\/\/ambbelgrado.esteri.it\/sr\/wp-json\/wp\/v2\/types\/post"}],"author":[{"embeddable":true,"href":"https:\/\/ambbelgrado.esteri.it\/sr\/wp-json\/wp\/v2\/users\/6"}],"replies":[{"embeddable":true,"href":"https:\/\/ambbelgrado.esteri.it\/sr\/wp-json\/wp\/v2\/comments?post=13455"}],"version-history":[{"count":1,"href":"https:\/\/ambbelgrado.esteri.it\/sr\/wp-json\/wp\/v2\/posts\/13455\/revisions"}],"predecessor-version":[{"id":13457,"href":"https:\/\/ambbelgrado.esteri.it\/sr\/wp-json\/wp\/v2\/posts\/13455\/revisions\/13457"}],"wp:featuredmedia":[{"embeddable":true,"href":"https:\/\/ambbelgrado.esteri.it\/sr\/wp-json\/wp\/v2\/media\/13446"}],"wp:attachment":[{"href":"https:\/\/ambbelgrado.esteri.it\/sr\/wp-json\/wp\/v2\/media?parent=13455"}],"wp:term":[{"taxonomy":"post_tag","embeddable":true,"href":"https:\/\/ambbelgrado.esteri.it\/sr\/wp-json\/wp\/v2\/tags?post=13455"}],"curies":[{"name":"wp","href":"https:\/\/api.w.org\/{rel}","templated":true}]}}