{"id":13153,"date":"2025-06-19T16:15:37","date_gmt":"2025-06-19T14:15:37","guid":{"rendered":"https:\/\/ambbelgrado.esteri.it\/news\/dall_ambasciata\/2025\/06\/italia-serbia-lamb-gori-incontra-la-ministra-per-il-commercio-interno-ed-estero-jagoda-lazarevic\/"},"modified":"2025-06-19T16:42:01","modified_gmt":"2025-06-19T14:42:01","slug":"italia-serbia-lamb-gori-incontra-la-ministra-per-il-commercio-interno-ed-estero-jagoda-lazarevic","status":"publish","type":"post","link":"https:\/\/ambbelgrado.esteri.it\/sr\/news\/dall_ambasciata\/2025\/06\/italia-serbia-lamb-gori-incontra-la-ministra-per-il-commercio-interno-ed-estero-jagoda-lazarevic\/","title":{"rendered":"ITALIJA \u2013 SRBIJA: AMBASADOR GORI SASTAO SE SA MINISTARKOM UNUTRA\u0160NJE I SPOLJNE TRGOVINE, JAGODOM LAZAREVI\u0106"},"content":{"rendered":"<p>Ambasador Italije u Srbiji Luka Gori sastao se danas sa ministarkom za unutra\u0161nju i spoljnu trgovinu Jagodom Lazarevic\u0301.<br \/>\nTokom sastanka istaknuta je centralna uloga Evropske unije kao prvog trgovinskog partnera Srbije, sa Italijom koja \u010dvrsto stoji na trec\u0301em mestu: podatak koji potvr\u0111uje vitalnost i \u010dvrstinu ekonomskog partnerstva Rima i Beograda.<\/p>\n<p>Me\u0111u temama o kojima se razgovaralo, poseban akcenat je stavljen na potrebu da se trgovinska razmena u\u010dini fluidnijom i odr\u017eivijom, sa fokusom na ponovnom pokretanju \u017eelezni\u010dke veze Trst-Beograd u cilju ekolo\u0161ke odr\u017eivosti, ekonomske efikasnosti i promocije turizma. Specijalizovana izlo\u017eba kojoj c\u0301e Srbija biti domac\u0301in 2027. godine tako\u0111e je vi\u0111ena kao privilegovana platforma za dalje ja\u010danje ekonomskih veza izme\u0111u dve zemlje i promovisanje novih oblika saradnje u ovoj oblasti.<br \/>\n\u201eItalija i Srbija imaju \u010dvrste ekonomske odnose, zasnovane na zajedni\u010dkim interesima i evropskoj viziji njihove buduc\u0301nosti\u201c, rekao je ambasador Gori. \u201eDalji razvoj infrastrukturnih veza, po\u010dev od onog izme\u0111u Trsta i Beograda, i horizont koji nudi EXPO 2027 predstavljaju konkretne moguc\u0301nosti za ja\u010danje saradnje orijentisane ka odr\u017eivom razvoju\u201d, dodao je Gori.<\/p>\n<p>&nbsp;<\/p>\n","protected":false},"excerpt":{"rendered":"Ambasador Italije u Srbiji Luka Gori sastao se danas sa ministarkom za unutra\u0161nju i spoljnu trgovinu Jagodom Lazarevic\u0301. Tokom sastanka istaknuta je centralna uloga Evropske unije kao prvog trgovinskog partnera Srbije, sa Italijom koja \u010dvrsto stoji na trec\u0301em mestu: podatak koji potvr\u0111uje vitalnost i \u010dvrstinu ekonomskog partnerstva Rima i Beograda. Me\u0111u temama o kojima se [&hellip;]","protected":false},"author":7,"featured_media":13146,"comment_status":"closed","ping_status":"closed","sticky":false,"template":"","format":"standard","meta":{"footnotes":""},"tags":[8],"class_list":["post-13153","post","type-post","status-publish","format-standard","has-post-thumbnail","hentry","tag-diplomazia-economica"],"_links":{"self":[{"href":"https:\/\/ambbelgrado.esteri.it\/sr\/wp-json\/wp\/v2\/posts\/13153","targetHints":{"allow":["GET"]}}],"collection":[{"href":"https:\/\/ambbelgrado.esteri.it\/sr\/wp-json\/wp\/v2\/posts"}],"about":[{"href":"https:\/\/ambbelgrado.esteri.it\/sr\/wp-json\/wp\/v2\/types\/post"}],"author":[{"embeddable":true,"href":"https:\/\/ambbelgrado.esteri.it\/sr\/wp-json\/wp\/v2\/users\/7"}],"replies":[{"embeddable":true,"href":"https:\/\/ambbelgrado.esteri.it\/sr\/wp-json\/wp\/v2\/comments?post=13153"}],"version-history":[{"count":3,"href":"https:\/\/ambbelgrado.esteri.it\/sr\/wp-json\/wp\/v2\/posts\/13153\/revisions"}],"predecessor-version":[{"id":13156,"href":"https:\/\/ambbelgrado.esteri.it\/sr\/wp-json\/wp\/v2\/posts\/13153\/revisions\/13156"}],"wp:featuredmedia":[{"embeddable":true,"href":"https:\/\/ambbelgrado.esteri.it\/sr\/wp-json\/wp\/v2\/media\/13146"}],"wp:attachment":[{"href":"https:\/\/ambbelgrado.esteri.it\/sr\/wp-json\/wp\/v2\/media?parent=13153"}],"wp:term":[{"taxonomy":"post_tag","embeddable":true,"href":"https:\/\/ambbelgrado.esteri.it\/sr\/wp-json\/wp\/v2\/tags?post=13153"}],"curies":[{"name":"wp","href":"https:\/\/api.w.org\/{rel}","templated":true}]}}