{"id":12686,"date":"2025-04-30T10:44:14","date_gmt":"2025-04-30T08:44:14","guid":{"rendered":"https:\/\/ambbelgrado.esteri.it\/?p=12686"},"modified":"2025-04-30T10:45:15","modified_gmt":"2025-04-30T08:45:15","slug":"obavestenje-korisnicima-3","status":"publish","type":"post","link":"https:\/\/ambbelgrado.esteri.it\/sr\/news\/dall_ambasciata\/2025\/04\/obavestenje-korisnicima-3\/","title":{"rendered":"OBAVE\u0160TENJE KORISNICIMA"},"content":{"rendered":"<p><strong>1. maj 2025 \u2013 ZATVARANJE POVODOM PRAZNIKA<\/strong><\/p>\n<p><strong>Obave\u0161tavamo cenjene korisnike da zbog Praznika rada kancelarije Ambasade ne<\/strong><strong>\u0107e<\/strong><strong> raditi u \u010detvrtak, 1. maja 2025. godine. Sa redovnim radom nastavljamo u <\/strong><strong>petak<\/strong><strong>, 2. maja 2025.<\/strong><\/p>\n","protected":false},"excerpt":{"rendered":"1. maj 2025 \u2013 ZATVARANJE POVODOM PRAZNIKA Obave\u0161tavamo cenjene korisnike da zbog Praznika rada kancelarije Ambasade ne\u0107e raditi u \u010detvrtak, 1. maja 2025. godine. Sa redovnim radom nastavljamo u petak, 2. maja 2025.","protected":false},"author":7,"featured_media":0,"comment_status":"closed","ping_status":"closed","sticky":false,"template":"","format":"standard","meta":{"footnotes":""},"tags":[],"class_list":["post-12686","post","type-post","status-publish","format-standard","hentry"],"_links":{"self":[{"href":"https:\/\/ambbelgrado.esteri.it\/sr\/wp-json\/wp\/v2\/posts\/12686","targetHints":{"allow":["GET"]}}],"collection":[{"href":"https:\/\/ambbelgrado.esteri.it\/sr\/wp-json\/wp\/v2\/posts"}],"about":[{"href":"https:\/\/ambbelgrado.esteri.it\/sr\/wp-json\/wp\/v2\/types\/post"}],"author":[{"embeddable":true,"href":"https:\/\/ambbelgrado.esteri.it\/sr\/wp-json\/wp\/v2\/users\/7"}],"replies":[{"embeddable":true,"href":"https:\/\/ambbelgrado.esteri.it\/sr\/wp-json\/wp\/v2\/comments?post=12686"}],"version-history":[{"count":1,"href":"https:\/\/ambbelgrado.esteri.it\/sr\/wp-json\/wp\/v2\/posts\/12686\/revisions"}],"predecessor-version":[{"id":12689,"href":"https:\/\/ambbelgrado.esteri.it\/sr\/wp-json\/wp\/v2\/posts\/12686\/revisions\/12689"}],"wp:attachment":[{"href":"https:\/\/ambbelgrado.esteri.it\/sr\/wp-json\/wp\/v2\/media?parent=12686"}],"wp:term":[{"taxonomy":"post_tag","embeddable":true,"href":"https:\/\/ambbelgrado.esteri.it\/sr\/wp-json\/wp\/v2\/tags?post=12686"}],"curies":[{"name":"wp","href":"https:\/\/api.w.org\/{rel}","templated":true}]}}