{"id":12620,"date":"2025-04-16T09:49:21","date_gmt":"2025-04-16T07:49:21","guid":{"rendered":"https:\/\/ambbelgrado.esteri.it\/?p=12620"},"modified":"2025-04-16T10:51:58","modified_gmt":"2025-04-16T08:51:58","slug":"italija-srbija-susret-sistema-italije-i-kompanija-u-ambasadi-i-dodela-ordenja-italijanske-zvezde","status":"publish","type":"post","link":"https:\/\/ambbelgrado.esteri.it\/sr\/news\/dall_ambasciata\/2025\/04\/italija-srbija-susret-sistema-italije-i-kompanija-u-ambasadi-i-dodela-ordenja-italijanske-zvezde\/","title":{"rendered":"ITALIJA \u2013 SRBIJA: SUSRET \u201eSISTEMA ITALIJE\u201d I KOMPANIJA U AMBASADI I DODELA ODLIKOVANJA ITALIJANSKE ZVEZDE"},"content":{"rendered":"<p>Povodom Dana \u201cMade in Italy\u201d, ambasador Italije u Srbiji Luka Gori danas je u Rezidenciji ugostio susret aktera \u201eSistema Italije\u201d i preduzetnika koji posluju u Srbiji. Ovaj sastanak bio je prilika za sagledavanje politi\u010dko-ekonomskog konteksta u Srbiji, promociju italijanskog Akcionog plana za izvoz koji je nedavno pokrenuo potpredsednik Saveta ministara i ministar spoljnih poslova i me\u0111unarodne saradnje, Antonio Tajani, kao i informisanje poslovne zajednice o planiranim aktivnostima pojedina\u010dnih aktera \u201cSistema Italije\u201d u Srbiji.<\/p>\n<p>Ambasador Gori je tokom doga\u0111aja uru\u010dio Orden Viteza reda Italijanske zvezde Darku Popovic\u0301u, CEO Banca Intesa Beograd i Nikoli Vuletic\u0301u, CEO Unicredit bank Srbija, za zna\u010dajan doprinos razvoju odnosa Italije i Srbije i velikodu\u0161nu podr\u0161ku aktivnostima Ambasade u oblasti ekonomije, kulture i humanosti (po\u010dev od inicijative \u201eBir\u010daninova@100\u201c, pokrenute povodom stogodi\u0161njice izgradnje ovog diplomatskog predstavni\u0161tva).<\/p>\n<p>&#8222;Iako prolazi kroz delikatnu fazu, Srbija je i dalje ekonomski najdinami\u010dnija u regionu, sa o\u010dekivanim rastom BDP-a u 2025. godini izme\u0111u 3,5 i 4%. Iz tog razloga, Srbija je uvr\u0161tena i me\u0111u visokopotencijalna tr\u017ei\u0161ta u Nacionalnom planu za izvoz, koji je nedavno predstavio potpredsednik Tajani i koji smo danas predstavili na\u0161im kompanijama&#8220;, rekao je ambasador. \u201eCilj na\u0161e zajedni\u010dke posvec\u0301enosti sa celokupnim Sistemom Italije \u2013 nastavio je Gori \u2013 je da budemo uz italijanske kompanije u njihovom procesu internacionalizacije u Srbiji.<\/p>\n","protected":false},"excerpt":{"rendered":"Povodom Dana \u201cMade in Italy\u201d, ambasador Italije u Srbiji Luka Gori danas je u Rezidenciji ugostio susret aktera \u201eSistema Italije\u201d i preduzetnika koji posluju u Srbiji. Ovaj sastanak bio je prilika za sagledavanje politi\u010dko-ekonomskog konteksta u Srbiji, promociju italijanskog Akcionog plana za izvoz koji je nedavno pokrenuo potpredsednik Saveta ministara i ministar spoljnih poslova i [&hellip;]","protected":false},"author":6,"featured_media":12610,"comment_status":"closed","ping_status":"closed","sticky":false,"template":"","format":"standard","meta":{"footnotes":""},"tags":[8,13],"class_list":["post-12620","post","type-post","status-publish","format-standard","has-post-thumbnail","hentry","tag-diplomazia-economica","tag-patto-per-lexport"],"_links":{"self":[{"href":"https:\/\/ambbelgrado.esteri.it\/sr\/wp-json\/wp\/v2\/posts\/12620","targetHints":{"allow":["GET"]}}],"collection":[{"href":"https:\/\/ambbelgrado.esteri.it\/sr\/wp-json\/wp\/v2\/posts"}],"about":[{"href":"https:\/\/ambbelgrado.esteri.it\/sr\/wp-json\/wp\/v2\/types\/post"}],"author":[{"embeddable":true,"href":"https:\/\/ambbelgrado.esteri.it\/sr\/wp-json\/wp\/v2\/users\/6"}],"replies":[{"embeddable":true,"href":"https:\/\/ambbelgrado.esteri.it\/sr\/wp-json\/wp\/v2\/comments?post=12620"}],"version-history":[{"count":2,"href":"https:\/\/ambbelgrado.esteri.it\/sr\/wp-json\/wp\/v2\/posts\/12620\/revisions"}],"predecessor-version":[{"id":12625,"href":"https:\/\/ambbelgrado.esteri.it\/sr\/wp-json\/wp\/v2\/posts\/12620\/revisions\/12625"}],"wp:featuredmedia":[{"embeddable":true,"href":"https:\/\/ambbelgrado.esteri.it\/sr\/wp-json\/wp\/v2\/media\/12610"}],"wp:attachment":[{"href":"https:\/\/ambbelgrado.esteri.it\/sr\/wp-json\/wp\/v2\/media?parent=12620"}],"wp:term":[{"taxonomy":"post_tag","embeddable":true,"href":"https:\/\/ambbelgrado.esteri.it\/sr\/wp-json\/wp\/v2\/tags?post=12620"}],"curies":[{"name":"wp","href":"https:\/\/api.w.org\/{rel}","templated":true}]}}