{"id":11923,"date":"2024-12-20T16:12:40","date_gmt":"2024-12-20T15:12:40","guid":{"rendered":"https:\/\/ambbelgrado.esteri.it\/?p=11923"},"modified":"2024-12-20T16:14:34","modified_gmt":"2024-12-20T15:14:34","slug":"poslovni-forum-italija-srbija-beograd-31-januar-2025","status":"publish","type":"post","link":"https:\/\/ambbelgrado.esteri.it\/sr\/news\/dall_ambasciata\/2024\/12\/poslovni-forum-italija-srbija-beograd-31-januar-2025\/","title":{"rendered":"POSLOVNI FORUM ITALIJA \u2013 SRBIJA (BEOGRAD, 31. JANUAR 2025)"},"content":{"rendered":"<p>U okviru posvec\u0301enosti Italije Srbiji i Zapadnom Balkanu, Ministarstvo spoljnih poslova i me\u0111unarodne saradnje, u saradnji sa Agencijom ICE, Ambasadom Italije u Beogradu i Privrednom komorom Srbije, organizuje novi Poslovni forum Italija \u2013 Srbija u petak, 31. januara 2025. godine u Beogradu, u kontekstu Samita dveju Vlada koji \u0107e se odr\u017eati istog dana.<\/p>\n<p>Nakon zna\u010dajnih rezultata \u201ePoslovnog i nau\u010dnog foruma\u201codr\u017eanog u Beogradu u martu 2023. g. i \u201ePoslovnog foruma Italija-Srbija\u201c iz maja 2024. u Trstu, oba u organizaciji Ministarstva spoljnih poslova i me\u0111unarodne saradnje (Farnezina) u saradnji sa Agencijom ICE i Ambasadom Italije u Beogradu, forum zakazan za 31. januar 2025. g. c\u0301e pokazati kontinuitet italijanske posvec\u0301enosti ja\u010danju bilateralnog ekonomskog partnerstva, potvr\u0111enog tako\u0111e otvaranjem kancelarija CDP-a, SACE-a i SIMEST-a u Beogradu i brojnim potpisanim ugovorima o saradnji izme\u0111u institucija, udru\u017eenja i kompanija na\u0161e dve zemlje.<\/p>\n<p>Radni deo foruma, koji \u0107e po\u010deti u 9:00, pored institucionalnih obra\u0107anja italijanskih i srpskih institucija, uklju\u010duje i sesiju na kojoj \u0107e biti predstavljeni inovativni finansijski instrumenti koje su CDP, SACE i Simest stavili na raspolaganje bilateralnom partnerstvu, kao i paralelne radne okrugle stolove posvec\u0301ene sledec\u0301im sektorima:<\/p>\n<p>\u2013 Cirkularna ekonomija i energetska tranzicija<\/p>\n<p>\u2013 Agrotehnologija i industrija 5.0<\/p>\n<p>\u2013 \u010cvrsta i meka infrastruktura<\/p>\n<p>Radovi c\u0301e se odvijati na italijanskom i srpskom jeziku uz simultani prevod.<\/p>\n<p>U popodnevnim \u010dasovima 31. januara, italijanske kompanije koje u\u010destvuju na forumu imac\u0301e priliku da odr\u017ee B2B sastanke sa srpskim kompanijama i da detaljnije diskutuju o specifi\u010dnim temama od posebnog interesa sa akterima Sistema Italija i agencijama Vlade Srbije.<\/p>\n<p>Za vi\u0161e detalja pogledajte cirkularno pismo koje je objavila <a href=\"https:\/\/www.ice.it\/it\/area-clienti\/eventi\/dettaglio-evento\/2024\/@@\/178\">Agencija ICE<\/a>, u kojem su navedeni i na\u010dini registracije (najkasnije do petka, 17. januara 2025. godine).<\/p>\n","protected":false},"excerpt":{"rendered":"U okviru posvec\u0301enosti Italije Srbiji i Zapadnom Balkanu, Ministarstvo spoljnih poslova i me\u0111unarodne saradnje, u saradnji sa Agencijom ICE, Ambasadom Italije u Beogradu i Privrednom komorom Srbije, organizuje novi Poslovni forum Italija \u2013 Srbija u petak, 31. januara 2025. godine u Beogradu, u kontekstu Samita dveju Vlada koji \u0107e se odr\u017eati istog dana. Nakon zna\u010dajnih [&hellip;]","protected":false},"author":6,"featured_media":11917,"comment_status":"closed","ping_status":"closed","sticky":false,"template":"","format":"standard","meta":{"footnotes":""},"tags":[8],"class_list":["post-11923","post","type-post","status-publish","format-standard","has-post-thumbnail","hentry","tag-diplomazia-economica"],"_links":{"self":[{"href":"https:\/\/ambbelgrado.esteri.it\/sr\/wp-json\/wp\/v2\/posts\/11923","targetHints":{"allow":["GET"]}}],"collection":[{"href":"https:\/\/ambbelgrado.esteri.it\/sr\/wp-json\/wp\/v2\/posts"}],"about":[{"href":"https:\/\/ambbelgrado.esteri.it\/sr\/wp-json\/wp\/v2\/types\/post"}],"author":[{"embeddable":true,"href":"https:\/\/ambbelgrado.esteri.it\/sr\/wp-json\/wp\/v2\/users\/6"}],"replies":[{"embeddable":true,"href":"https:\/\/ambbelgrado.esteri.it\/sr\/wp-json\/wp\/v2\/comments?post=11923"}],"version-history":[{"count":1,"href":"https:\/\/ambbelgrado.esteri.it\/sr\/wp-json\/wp\/v2\/posts\/11923\/revisions"}],"predecessor-version":[{"id":11926,"href":"https:\/\/ambbelgrado.esteri.it\/sr\/wp-json\/wp\/v2\/posts\/11923\/revisions\/11926"}],"wp:featuredmedia":[{"embeddable":true,"href":"https:\/\/ambbelgrado.esteri.it\/sr\/wp-json\/wp\/v2\/media\/11917"}],"wp:attachment":[{"href":"https:\/\/ambbelgrado.esteri.it\/sr\/wp-json\/wp\/v2\/media?parent=11923"}],"wp:term":[{"taxonomy":"post_tag","embeddable":true,"href":"https:\/\/ambbelgrado.esteri.it\/sr\/wp-json\/wp\/v2\/tags?post=11923"}],"curies":[{"name":"wp","href":"https:\/\/api.w.org\/{rel}","templated":true}]}}