{"id":11120,"date":"2024-09-16T16:50:33","date_gmt":"2024-09-16T14:50:33","guid":{"rendered":"https:\/\/ambbelgrado.esteri.it\/?p=11120"},"modified":"2024-09-16T16:59:53","modified_gmt":"2024-09-16T14:59:53","slug":"ix-nedelja-italijanske-kuhinje-u-svetu-obavestenje-za-restorane","status":"publish","type":"post","link":"https:\/\/ambbelgrado.esteri.it\/sr\/news\/dall_ambasciata\/2024\/09\/ix-nedelja-italijanske-kuhinje-u-svetu-obavestenje-za-restorane\/","title":{"rendered":"IX NEDELJA ITALIJANSKE KUHINJE U SVETU \u2013 OBAVE\u0160TENJE ZA RESTORANE"},"content":{"rendered":"<p><strong>IX izdanje: \u201eMediteranska ishrana i kuhinja na\u0161ih korena: zdravlje i tradicija\u201c<\/strong><\/p>\n<p><strong>16 &#8211; 22 novembar 2024.<\/strong><\/p>\n<p>Od 16. do 22. novembra odr\u017eac\u0301e se IX Nedelja italijanske kuhinje u svetu, inicijativa Ministarstva spoljnih poslova i me\u0111unarodne saradnje Republike Italije posvec\u0301ena promociji poljoprivredno-prehrambenog sektora i tradiciji italijanske hrane i vina u svim njenim aspektima.<\/p>\n<p>Tema ovogodi\u0161nje manifestacije je \u201cMediteranska ishrana i kuhinja na\u0161ih korena: zdravlje i tradicija\u201d.<\/p>\n<p>Ambasada Italije u Beogradu poziva sve zainteresovane italijanske restorane u Srbiji da se pridru\u017ee inicijativi tako \u0161to \u0107e predlo\u017eiti meni tipi\u010dnih italijanskih jela.<\/p>\n<p>Da biste se prijavili, potrebno je popuniti odgovarajuc\u0301i formular, u okviru kojeg \u0107e se na\u0107i i predlog italijanskog menija.<\/p>\n<p>Formular treba poslati najkasnije <strong>do petka 1. novembra 2024.<\/strong> <strong>godine u 23.59<\/strong> (po italijanskom vremenu) na mejl adresu: <a href=\"mailto:economico.belgrado@esteri.it\">economico.belgrado@esteri.it<\/a> .<\/p>\n<p>NAPOMENA:<\/p>\n<p>1. Slanje predloga NE podrazumeva automatsko prihvatanje zahteva.<br \/>\n2. Ukoliko se zahtev dostavi posle predvi\u0111enog roka, isti ne\u0107e biti uzet u razmatranje.<\/p>\n<p><a href=\"https:\/\/ambbelgrado.esteri.it\/wp-content\/uploads\/2024\/09\/modulo_di_partecipazione_SCIM_2024.doc\"><strong>FORMULAR<\/strong><\/a><\/p>\n","protected":false},"excerpt":{"rendered":"IX izdanje: \u201eMediteranska ishrana i kuhinja na\u0161ih korena: zdravlje i tradicija\u201c 16 &#8211; 22 novembar 2024. Od 16. do 22. novembra odr\u017eac\u0301e se IX Nedelja italijanske kuhinje u svetu, inicijativa Ministarstva spoljnih poslova i me\u0111unarodne saradnje Republike Italije posvec\u0301ena promociji poljoprivredno-prehrambenog sektora i tradiciji italijanske hrane i vina u svim njenim aspektima. Tema ovogodi\u0161nje manifestacije [&hellip;]","protected":false},"author":6,"featured_media":11118,"comment_status":"closed","ping_status":"closed","sticky":false,"template":"","format":"standard","meta":{"footnotes":""},"tags":[],"class_list":["post-11120","post","type-post","status-publish","format-standard","has-post-thumbnail","hentry"],"_links":{"self":[{"href":"https:\/\/ambbelgrado.esteri.it\/sr\/wp-json\/wp\/v2\/posts\/11120","targetHints":{"allow":["GET"]}}],"collection":[{"href":"https:\/\/ambbelgrado.esteri.it\/sr\/wp-json\/wp\/v2\/posts"}],"about":[{"href":"https:\/\/ambbelgrado.esteri.it\/sr\/wp-json\/wp\/v2\/types\/post"}],"author":[{"embeddable":true,"href":"https:\/\/ambbelgrado.esteri.it\/sr\/wp-json\/wp\/v2\/users\/6"}],"replies":[{"embeddable":true,"href":"https:\/\/ambbelgrado.esteri.it\/sr\/wp-json\/wp\/v2\/comments?post=11120"}],"version-history":[{"count":1,"href":"https:\/\/ambbelgrado.esteri.it\/sr\/wp-json\/wp\/v2\/posts\/11120\/revisions"}],"predecessor-version":[{"id":11123,"href":"https:\/\/ambbelgrado.esteri.it\/sr\/wp-json\/wp\/v2\/posts\/11120\/revisions\/11123"}],"wp:featuredmedia":[{"embeddable":true,"href":"https:\/\/ambbelgrado.esteri.it\/sr\/wp-json\/wp\/v2\/media\/11118"}],"wp:attachment":[{"href":"https:\/\/ambbelgrado.esteri.it\/sr\/wp-json\/wp\/v2\/media?parent=11120"}],"wp:term":[{"taxonomy":"post_tag","embeddable":true,"href":"https:\/\/ambbelgrado.esteri.it\/sr\/wp-json\/wp\/v2\/tags?post=11120"}],"curies":[{"name":"wp","href":"https:\/\/api.w.org\/{rel}","templated":true}]}}