{"id":10259,"date":"2024-05-20T15:33:07","date_gmt":"2024-05-20T13:33:07","guid":{"rendered":"https:\/\/ambbelgrado.esteri.it\/?p=10259"},"modified":"2024-05-31T13:06:53","modified_gmt":"2024-05-31T11:06:53","slug":"trenitalia-pogodnosti-za-drzavljane-italije-rezidente-u-inostranstvu-za-kupovinu-voznih-karata-trenitalia-frecciarossa","status":"publish","type":"post","link":"https:\/\/ambbelgrado.esteri.it\/sr\/news\/dall_ambasciata\/2024\/05\/trenitalia-pogodnosti-za-drzavljane-italije-rezidente-u-inostranstvu-za-kupovinu-voznih-karata-trenitalia-frecciarossa\/","title":{"rendered":"TRENITALIA: POGODNOSTI ZA DR\u017dAVLJANE ITALIJE REZIDENTE U INOSTRANSTVU ZA KUPOVINU VOZNIH KARATA \u201cTRENITALIA-FRECCIAROSSA\u201d"},"content":{"rendered":"<p><img loading=\"lazy\" decoding=\"async\" class=\"alignnone wp-image-10253 img-fluid\" src=\"https:\/\/ambbelgrado.esteri.it\/wp-content\/uploads\/2024\/05\/970x250-banner_AIRE_offerta-300x77.jpg\" alt=\"\" width=\"514\" height=\"132\" srcset=\"https:\/\/ambbelgrado.esteri.it\/wp-content\/uploads\/2024\/05\/970x250-banner_AIRE_offerta-300x77.jpg 300w, https:\/\/ambbelgrado.esteri.it\/wp-content\/uploads\/2024\/05\/970x250-banner_AIRE_offerta-768x198.jpg 768w, https:\/\/ambbelgrado.esteri.it\/wp-content\/uploads\/2024\/05\/970x250-banner_AIRE_offerta.jpg 970w\" sizes=\"auto, (max-width: 514px) 100vw, 514px\" \/><\/p>\n<p>\u201cTrenitalia\u201d nudi sledec\u0301e pogodnosti za putovanja u Italiju Italijanima sa prebivali\u0161tem u inostranstvu koji su upisani u registar AIRE:<\/p>\n<ul>\n<li>Popusti do 80% uz ponudu \u201cSpeciale Eventi\u201d, za putovanja vozovima \u201cFrecciarossa\u201d, \u201cFrecciargento\u201d i \u201cFrecciabianca\u201d;<\/li>\n<li>40% popusta za kupovinu karata Frecciarossa\u201d, \u201cFrecciargento\u201d i \u201cFrecciabianca\u201dza grupe od najmanje 10 osoba koje plac\u0301aju kartu i koje putuju zajedno;<\/li>\n<li>Moguc\u0301nost kupovine \u201cTrenitalia Pass\u201d za posetu Italiji.<\/li>\n<\/ul>\n<p>Popusti va\u017ee za putovanja do 31.12.2024.<\/p>\n<p>Napominjemo da c\u0301ete prilikom provere karata u vozu morati da poka\u017eete <strong>karticu sa li\u010dnim podacima<\/strong> (<strong>scheda anagrafica<\/strong>) koju mo\u017eete <u>besplatno dobiti na portalu konzularnih usluga Fast-It<\/u> ili va\u0161u <strong>potvrdu o upisu u AIRE<\/strong>. Ovu potvrdu mo\u017eete <u>zatra\u017eiti od op\u0161tine u kojoj ste registrovani ili preko SPID-a ili CIE<\/u>, za Italijanske dr\u017eavljane koji ih imaju, pristupom odeljku usluge op\u0161tine registracije.<\/p>\n<p>Za vi\u0161e detalja o pogodnostima za upisane u AIRE <a href=\"https:\/\/ambbelgrado.esteri.it\/wp-content\/uploads\/2024\/05\/AIRE-Landing-page-in-inglese.pdf\">KLIKNITE OVDE<\/a>.<\/p>\n<p>&nbsp;<\/p>\n<p>Na sledec\u0301em <a href=\"https:\/\/ambbelgrado.esteri.it\/wp-content\/uploads\/2024\/05\/Circolare-elezioni-Europee-2024.pdf\">linku<\/a> je dostupno cirkularno pismo br. 49\/2024\u00a0 Ministarstva unutra\u0161njih poslova Republike Italije, koje sadr\u017ei informacije o povlasticama za putovanja na italijanskoj teritoriji za bira\u010de u Italiji i inostranstvu, u vezi sa lokalnim izborima i evropskim izborima 2024.<\/p>\n<p>Dodatne informacije dostupne su na sajtu <a href=\"https:\/\/www.esteri.it\/it\/servizi-consolari-e-visti\/italiani-all-estero\/elezioni-amministrative-e-referendum-locali-in-italia\/\">Ministarstva spoljnih poslova i me\u0111unarodne saradnje Republike Italije<\/a>.<\/p>\n","protected":false},"excerpt":{"rendered":"\u201cTrenitalia\u201d nudi sledec\u0301e pogodnosti za putovanja u Italiju Italijanima sa prebivali\u0161tem u inostranstvu koji su upisani u registar AIRE: Popusti do 80% uz ponudu \u201cSpeciale Eventi\u201d, za putovanja vozovima \u201cFrecciarossa\u201d, \u201cFrecciargento\u201d i \u201cFrecciabianca\u201d; 40% popusta za kupovinu karata Frecciarossa\u201d, \u201cFrecciargento\u201d i \u201cFrecciabianca\u201dza grupe od najmanje 10 osoba koje plac\u0301aju kartu i koje putuju zajedno; Moguc\u0301nost [&hellip;]","protected":false},"author":6,"featured_media":0,"comment_status":"closed","ping_status":"closed","sticky":false,"template":"","format":"standard","meta":{"footnotes":""},"tags":[12],"class_list":["post-10259","post","type-post","status-publish","format-standard","hentry","tag-italiani-nel-mondo"],"_links":{"self":[{"href":"https:\/\/ambbelgrado.esteri.it\/sr\/wp-json\/wp\/v2\/posts\/10259","targetHints":{"allow":["GET"]}}],"collection":[{"href":"https:\/\/ambbelgrado.esteri.it\/sr\/wp-json\/wp\/v2\/posts"}],"about":[{"href":"https:\/\/ambbelgrado.esteri.it\/sr\/wp-json\/wp\/v2\/types\/post"}],"author":[{"embeddable":true,"href":"https:\/\/ambbelgrado.esteri.it\/sr\/wp-json\/wp\/v2\/users\/6"}],"replies":[{"embeddable":true,"href":"https:\/\/ambbelgrado.esteri.it\/sr\/wp-json\/wp\/v2\/comments?post=10259"}],"version-history":[{"count":5,"href":"https:\/\/ambbelgrado.esteri.it\/sr\/wp-json\/wp\/v2\/posts\/10259\/revisions"}],"predecessor-version":[{"id":10385,"href":"https:\/\/ambbelgrado.esteri.it\/sr\/wp-json\/wp\/v2\/posts\/10259\/revisions\/10385"}],"wp:attachment":[{"href":"https:\/\/ambbelgrado.esteri.it\/sr\/wp-json\/wp\/v2\/media?parent=10259"}],"wp:term":[{"taxonomy":"post_tag","embeddable":true,"href":"https:\/\/ambbelgrado.esteri.it\/sr\/wp-json\/wp\/v2\/tags?post=10259"}],"curies":[{"name":"wp","href":"https:\/\/api.w.org\/{rel}","templated":true}]}}