{"id":8594,"date":"2013-03-05T15:21:09","date_gmt":"2013-03-05T14:21:09","guid":{"rendered":"https:\/\/ambbelgrado.esteri.it\/news\/dall_ambasciata\/2013\/03\/seminario-su-beni-confiscati-a-criminalita\/"},"modified":"2013-03-05T15:21:09","modified_gmt":"2013-03-05T14:21:09","slug":"seminario-su-beni-confiscati-a-criminalita","status":"publish","type":"post","link":"https:\/\/ambbelgrado.esteri.it\/it\/news\/dall_ambasciata\/2013\/03\/seminario-su-beni-confiscati-a-criminalita\/","title":{"rendered":"SEMINARIO SUI BENI CONFISCATI ALLA CRIMINALITA&#8217; ORGANIZZATA"},"content":{"rendered":"<p><P>Si \u00e8 tenuto il 4 marzo a Belgrado, presso la Sala Conferenze di Palazzo Italia, un Seminario internazionale dedicato al tema della gestione a fini pubblici dei beni confiscati alla criminalit\u00e0 organizzata.<\/P><P>L&#8217;iniziativa si inquadra nel &#8220;Progetto SAPUCCA&#8221; (Sharing Alternatives Practices for the utilization of Confiscated Criminal Assets), sostenuto dalla Provincia di Caserta in collaborazione con le Provincie di catania e Pistoia, e dall&#8217;Associazione TECLA, e che si avvale di finanziamenti dell&#8217;Unione Europea per promuovere la presentazione nella regione dei Balcani delle esperienze maturate in Italia nel settore alla confisca dei proventi derivanti da attivit\u00e0 illecite. Nel corso del Seminario \u00e8 stato approfondito lo studio del modello gi\u00e0 sperimentato a Caserta con l&#8217;Osservatorio provinciale sui beni confiscati, funzionale ad una proficua e condivisa destinazione sociale dei patrimoni sottratti alla criminalit\u00e0.<\/P><br \/>\n<P>I lavori del Seminario, al quale hanno partecipato magistrati, rappresentanti delle forze di polizia ed esperti di settore italiani, serbi e di altri Paesi balcanici, sono stati aperti dall&#8217;Ambasciatore d&#8217;Italia a Belgrado, Armando Varricchio. Ad esso ha preso parte attiva anche il procuratore serbo per la lotta alla criminalit\u00e0 organizzata, Miljko Radisavljevic.<\/P><\/p>\n","protected":false},"excerpt":{"rendered":"Si \u00e8 tenuto il 4 marzo a Belgrado, presso la Sala Conferenze di Palazzo Italia, un Seminario internazionale dedicato al tema della gestione a fini pubblici dei beni confiscati alla criminalit\u00e0 organizzata.L&#8217;iniziativa si inquadra nel &#8220;Progetto SAPUCCA&#8221; (Sharing Alternatives Practices for the utilization of Confiscated Criminal Assets), sostenuto dalla Provincia di Caserta in collaborazione con [&hellip;]","protected":false},"author":1,"featured_media":0,"comment_status":"","ping_status":"","sticky":false,"template":"","format":"standard","meta":{"footnotes":""},"tags":[],"class_list":["post-8594","post","type-post","status-publish","format-standard","hentry"],"_links":{"self":[{"href":"https:\/\/ambbelgrado.esteri.it\/it\/wp-json\/wp\/v2\/posts\/8594","targetHints":{"allow":["GET"]}}],"collection":[{"href":"https:\/\/ambbelgrado.esteri.it\/it\/wp-json\/wp\/v2\/posts"}],"about":[{"href":"https:\/\/ambbelgrado.esteri.it\/it\/wp-json\/wp\/v2\/types\/post"}],"author":[{"embeddable":true,"href":"https:\/\/ambbelgrado.esteri.it\/it\/wp-json\/wp\/v2\/users\/1"}],"replies":[{"embeddable":true,"href":"https:\/\/ambbelgrado.esteri.it\/it\/wp-json\/wp\/v2\/comments?post=8594"}],"version-history":[{"count":0,"href":"https:\/\/ambbelgrado.esteri.it\/it\/wp-json\/wp\/v2\/posts\/8594\/revisions"}],"wp:attachment":[{"href":"https:\/\/ambbelgrado.esteri.it\/it\/wp-json\/wp\/v2\/media?parent=8594"}],"wp:term":[{"taxonomy":"post_tag","embeddable":true,"href":"https:\/\/ambbelgrado.esteri.it\/it\/wp-json\/wp\/v2\/tags?post=8594"}],"curies":[{"name":"wp","href":"https:\/\/api.w.org\/{rel}","templated":true}]}}