{"id":8314,"date":"2013-11-06T14:34:20","date_gmt":"2013-11-06T13:34:20","guid":{"rendered":"https:\/\/ambbelgrado.esteri.it\/news\/dall_ambasciata\/2013\/11\/visita-ambasciatore-manzo-in-vojvodina\/"},"modified":"2013-11-06T14:34:20","modified_gmt":"2013-11-06T13:34:20","slug":"visita-ambasciatore-manzo-in-vojvodina","status":"publish","type":"post","link":"https:\/\/ambbelgrado.esteri.it\/it\/news\/dall_ambasciata\/2013\/11\/visita-ambasciatore-manzo-in-vojvodina\/","title":{"rendered":"Visita dell&#8217;Ambasciatore Giuseppe Manzo in Vojvodina"},"content":{"rendered":"<p><P><U>Comunicato della Provincia Autonoma della Vojvodina<\/U>:<\/P><P><STRONG>Il Presidente Pajtic ha incontrato l\u2019Ambasciatore d\u2019Italia<\/STRONG><\/P><br \/>\n<P><IMG style=\"WIDTH: 303px; HEIGHT: 181px\" border=\"0\" alt=\"Ambasciatore Manzo con il Presidente del Governo della Vojvodina Pajtic\" src=\"\/resource\/2013\/11\/AmbasciatoreManzoconilPresidentedelGovernodellaVoj.jpg\" width=\"519\" height=\"355\"><\/P><br \/>\n<P>Il Presidente del Governo della Vojvodina Bojan Pajtic ha incontrato l\u2019Ambasciatore d\u2019Italia in Serbia Giuseppe Manzo che oggi si trova in una visita ufficiale in Vojvodina.<BR><BR>In un colloquio aperto e cordiale, gli interlocutori hanno constatato che in Serbia ed in Vojvodina esistono numerosi investimenti italiani. Oltre alla buona cooperazione culturale ed universitaria, sono visibili numerose possibilit\u00e0 di investimento in Vojvodina, specialmente nel settore dell\u2019agricoltura, agrobusiness ed alimentare, nonch\u00e9 nel settore delle fonti rinnovabili di energia.<\/P><br \/>\n<P>Il Presidente Pajtic ha ricordato delle ottime relazioni con l\u2019Italia, facendo l\u2019esempio della collaborazione pluriennale tra la Vojvodina e la Friuli-Venezia-Giulia.<BR>Oggi operano nel nostro paese 200 imprese italiane. L\u2019Italia \u00e8 il terzo partner commerciale che fa lavorare 8.253 persone\u201d, ha sottolineato Pajtic, invitando gli investitori italiani ad usare le potenzialit\u00e0 che sono a disposizione nel settore economico.<\/P><br \/>\n<P>L\u2019Ambasciatore Manzo ha ribadito che abbiamo il continuo sostegno dell\u2019Italia, dicendosi particolarmente soddisfatto dell\u2019attuale clima d\u2019investimenti in Vojvodina. Durante il colloquio \u00e8 stata confermata la disponibilit\u00e0 dell\u2019Italia di aiutarci nello sviluppo dei programmi destinati a rafforzare le capacit\u00e0 dell\u2019amministrazione locale, e si \u00e8 parlato della cooperazione tra la Vojvodina ed Umbria relativamente alla candidatura di Novis Sad e di Peruga a capitale europea della cultura nel 2020.<\/P><br \/>\n<P><BR><U>Comunicato della Citt\u00e0 di Novi Sad<\/U>:\u00a0<\/P><br \/>\n<P><STRONG>L\u2019Ambasciatore d\u2019Italia in visita a Novi Sad<\/STRONG><\/P><br \/>\n<P><IMG style=\"WIDTH: 297px; HEIGHT: 190px\" border=\"0\" alt=\"Ambasciatore Manzo con il Sindaco di Novi Sad Vucevic\" src=\"\/resource\/2013\/11\/AmbasciatoreManzoconilSindacodiNoviSadMilosVucevic.jpg\" width=\"323\" height=\"211\"><\/P><br \/>\n<P>Il Sindaco di Novi Sad Milos Vucevic ha ricevuto oggi presso il Municipio l\u2019Ambasciatore d\u2019Italia in Serbia Giuseppe Manzo. Il Sindaco Vucevic ha dato il benvenuto all\u2019Ambasciatore italiano dicendosi soddisfatto della sua visita, mentre l\u2019Ambasciatore ha ringraziato della cordiale accoglienza ed ha ribadito che i contatti internazionali sono molto importanti per il rafforzamento delle potenzialit\u00e0 di una citt\u00e0.<\/P><br \/>\n<P>Il Sindaco e l\u2019Ambasciatore italiano hanno convenuto che attirare nuovi investimenti \u00e8 la principale condizione per migliorare le circostanze economiche e la vita dei cittadini, e che proprio su quel campo \u00e8 possibile una collaborazione tra le citt\u00e0 italiane e Novi Sad. L\u2019Ambasciatore ha sottolineato che le imprese italiane parteciperanno alla prossima Fiera dell\u2019Agricoltura che avr\u00e0 luogo a Novi Sad a maggio del 2104, il che rafforzer\u00e0 ulteriormente la cooperazione economica.<\/P><br \/>\n<P>Il Sindaco si \u00e8 detto disponibile per proseguire ed intensificare la cooperazione con l\u2019Italia attraverso futuri progetti, sottolineando l\u2019importanza di realizzazione dell\u2019investimento dell\u2019impresa italiana K314 che ha scelto proprio Novi Sad come prima localit\u00e0 di investimento fuori l\u2019Italia, dato che ha trovato nella capitale della Vojvodina un partner adeguato e le infrastrutture necessarie per produrre e montare le piastre elettroniche.<\/P><br \/>\n<P>L\u2019Ambasciatore Manzo ha dichiarato che la Serbia e la citt\u00e0 di Novi Sad rappresentano per le imprese italiane partner affidabili ed una base solida per accedere anche ad altri mercati. Lui si \u00e8 detto soddisfatto del fatto che anche nel settore dell\u2019istruzione e delle scienze esiste una buona cooperazione tra i due Paesi e che essa si sta rafforzando sempre di pi\u00f9.<BR><\/P><br \/>\n<P><U>Comunicato del Parlamento della Vojvodina:<\/U><\/P><br \/>\n<P><STRONG>Pastor e Manzo, approfondire la cooperazione economica ed attirare gli investitori<\/STRONG><\/P><br \/>\n<P><IMG style=\"WIDTH: 300px; HEIGHT: 178px\" border=\"0\" alt=\"Ambasciatore Manzo con il Presidente del Parlamento della Vojvodina Pastor\" src=\"\/resource\/2013\/11\/ManzoPastor.jpg\" width=\"398\" height=\"268\"><\/P><br \/>\n<P>Le cornici degli accordi istituzionali firmati devono essere riempite con contenuti concreti, ed esiste un grande spazio per migliorare la collaborazione economica tra la Vojvodina e le regioni italiane, hanno convenuto oggi il Presidente del Parlamento della Provincia Autonoma della Vojvodina Istvan Pastor e l\u2019Ambasciatore d\u2019Italia a Belgrado Giuseppe Manzo.<\/P><br \/>\n<P>Parlando dell\u2019immagine della Vojvodina e della Serbia e delle potenzialit\u00e0 d\u2019investimento, Pastor ha sottolineato l\u2019importanza di allontanarsi dagli stereotipi creato negli anni Novanta. Lui ha aggiunto che oltre ai contatti istituzionali vanno curati contatti personali, aggiungendo che l\u2019Amministrazione provinciale sta facendo grandi sforzi per approfondire questi tipi di collaborazione.<\/P><br \/>\n<P>\u201cQuanto alla cooperazione economica, pi\u00f9 volte le nostre potenzialit\u00e0 d\u2019investimento sono state presentate agli imprenditori italiani. Abbiamo costruito tutta una serie di istituzioni che presentano le potenzialit\u00e0 ed attirano gli investitori, ed abbiamo realizzato alcuni progetti\u201d, ha sottolineato Pastor aggiungendo che il Governo ed il Parlamento sono pronti a individuare le migliori soluzioni per una futura cooperazione.<\/P><br \/>\n<P>L\u2019Ambasciatore Manzo, nella sua prima visita in Vojvodina, ha informato Pastor sull\u2019incontro avuto con gli imprenditori italiani presenti in Vojvodina che sono molto soddisfati del clima imprenditoriale.<\/P><br \/>\n<P>\u201cLe relazioni tra gli Stati sono uno dei modi che servono per attirare investimenti. La Vojvodina ha la possibilit\u00e0 di presentarsi alle regioni italiane anche attraverso associazioni che gi\u00e0 esistono, organizzando incontri tra imprenditori, facendo visite degli esponenti del Parlamento e del Governo. \u201cNon va dimenticata nemmeno la cooperazione culturale che contribuisce al rafforzamento delle nostre relazioni\u201d, ha ribadito l\u2019Ambasciatore Manzo, aggiungendo che l\u2019Italia \u00e8 molto interessata di partecipare alle fiere\u201d.<\/P><br \/>\n<P>Pastor e Manzo hanno convenuto che in futuro le regioni e gli imprenditori italiani prenderanno parte alle fiere di Novi Sad, specialmente alla Fiera dell\u2019Agricoltura ed alla Fiera del Turismo, ed \u00e8 stato concordato di tenere un altro incontro proprio in occasione della Fiera dell\u2019Agricoltura.<BR><BR><\/P><br \/>\n<P><U>Agenzia ANSA<\/U>:<\/P><br \/>\n<P><STRONG>Italia-Serbia:Amb.Manzo in Vojvodina per rafforzare rapporti &#8216;In Provincia autonoma crescono imprese e cultura italiana&#8217;<\/STRONG>\u00a0\u00a0\u00a0 <\/P><br \/>\n<P>ANSAmed) &#8211; BELGRADO, 6 NOV &#8211; &#8220;La Provincia Autonoma della Vojvodina e&#8217; il maggiore contributore all&#8217;economia della Serbia e lavoriamo affinche&#8217; le nostre piccole e medie imprese colgano le opportunita&#8217; di crescita che da questa regione vengono in numerosi settori, a cominciare da quello dell&#8217;agroindustria&#8221;.<BR><BR>Lo ha dichiarato l&#8217;ambasciatore italiano in Serbia, Giuseppe Manzo, al termine degli incontri avuti oggi a Novi Sad e a Subotica, le due citta&#8217; piu&#8217; importanti dell&#8217;area collocata strategicamente nel corridoio tra Europa e Balcani.<\/P><br \/>\n<P>L&#8217;ambasciatore Manzo ha incontrato il Presidente della Provincia Autonoma, Bojan Pajtic, e i sindaci delle due citta&#8217;, insieme a delegazioni di imprenditori taliani cui si rivolge l&#8217;azione della &#8220;diplomazia per la crescita&#8221; sostenuta dal Ministro degli Esteri Emma Bonino per favorire la crescita delle imprese italiane anche attraverso la via internazionale.<\/P><br \/>\n<P>La Vojvodina &#8211; la piu&#8217; ricca regione della Serbia, abitata da quasi due milioni di persone &#8211; e&#8217; l&#8217;area in cui si concentra la maggiore presenza imprenditoriale italiana in termini numerici, soprattutto sul fronte delle piccole e medie imprese. <BR>L&#8217;annunciata partecipazione dell&#8217;Italia alla prossima Fiera dell&#8217;Agroindustria di Novi Sad, nel maggio 2014, testimonia il crescente interesse dell&#8217;imprenditoria italiana verso questa regione. Le numerose opportunita&#8217; d&#8217;investimento si concentrano nel settore dell&#8217;agroalimentare, del tessile e delle fonti energetiche rinnovabili. <\/P><br \/>\n<P>Il legame tra la Vojvodina e l&#8217;Italia puo&#8217; inoltre contare sulle relazioni storiche con alcune regioni italiane come l&#8217;Emilia Romagna, l&#8217;Umbria e soprattutto il Friuli Venezia Giulia, che e&#8217; presente a Novi Sad con una sua &#8220;Casa&#8221; di rappresentanza. Altrettanto intensa e&#8217; la collaborazione culturale ed universitaria tra Italia e Vojvodina, dove opera un lettore di lingua italiana presso l&#8217;Universita&#8217; di Novi Sad ed e&#8217; attiva un&#8217;antenna dell&#8217;Associazione Dante Alighieri, oltre ad altri centri ed istituzioni culturali italiane.<\/P><br \/>\n<P>Proprio con i rappresentanti delle diverse componenti della comunita&#8217; italiana l&#8217;Ambasciatore Manzo ha avuto un incontro in apertura della sua visita in Vojvodina.\u00a0 <\/P><br \/>\n<P><BR><U>Agenzia NOVA<\/U>:<\/P><br \/>\n<P><STRONG>Serbia-Italia: ambasciatore Manzo incontra autorita&#8217; locali in Vojvodina<\/STRONG><BR>\u00a0<BR>Belgrado, 06 nov &#8211; (Nova) &#8211; Si e&#8217; svolta oggi la visita dell&#8217;ambasciatore d&#8217;Italia a Belgrado,\u00a0 Giuseppe Manzo, nella provincia autonoma della Vojvodina. Nel corso della giornata Manzo ha avuto alcuni colloqui con il presidente della provincia autonoma, Bojan Pajtic, e con i sindaci delle due principali citta&#8217; della provincia, il capoluogo Novi Sad e Subotica. Si tratta della prima visita del rappresentante della diplomazia italiana in un&#8217;area, come ha sottolineato lo stesso Manzo, che &#8220;costituisce la piu&#8217; ricca regione della Serbia, abitata da quasi due milioni di persone&#8221;. <\/P><br \/>\n<P>&#8220;La Vojvodina e&#8217; l&#8217;area in cui si concentra la maggiore presenza imprenditoriale italiana in termini numerici, soprattutto sul fronte delle piccole e medie imprese&#8221;, ha aggiunto Manzo, secondo il quale la provincia autonoma e&#8217; per le pmi italiane un luogo ricco di opportunita&#8217;, in particolare per quanto riguarda il settore agroalimentare, quello tessile e le fonti di energia rinnovabile. Nel corso della visita Manzo ha anche incontrato una delegazione di imprenditori italiani che operano gia&#8217; nel territorio. &#8220;A loro si rivolge la diplomazia per la crescita sostenuta dal ministro degli Esteri Emma Bonino, che ha come biettivo quello di favorire lo sviluppo delle nostre imprese anche attraverso la via internazionale&#8221;, ha dichiarato Manzo. <\/P><br \/>\n<P>Il legame tra la Vojvodina e l&#8217;Italia conta relazioni storiche con regioni come l&#8217;Emilia Romagna, l&#8217;Umbria e il Friuli Venezia Giulia. Quest&#8217;ultimo e&#8217; inoltre presente gia&#8217; da alcuni anni con una propria &#8220;Casa&#8221; di rappresentanza. Altrettanto intensa e&#8217; la collaborazione culturale e universitaria, dimostrata dalla presenza di un lettore di Lingua italiana presso l&#8217;Universita&#8217; di Novi Sad e dall&#8217;attivita&#8217; di un&#8217;antenna dell&#8217;Associazione &#8220;Dante Alighieri&#8221;, oltre che da numerosi centri e istituzioni culturali italiane. <\/P><br \/>\n<P>\u00a0<\/P><br \/>\n<P><U>Agenzia AGI<\/U>:<\/P><br \/>\n<P><STRONG>Pei News: imprese italiane guardano a Vojvodina per opportunita&#8217;\u00a0<BR><\/STRONG>\u00a0<BR>(AGI) &#8211; Belgrado, 12 nov. &#8211; Le imprese italiano guardano con interesse alla Vojvodina, provincia autonoma serba che, grazie alla posizione geostrategica, alle risorse e ai collegamenti con i mercati, offre grandi opportunita&#8217; per gli investitori stranieri. Negli ultimi dieci anni, sono 250 le compagnie stranieri sbarcate nella regione, tra cui una cinquantina di aziende italiane la cui presenza rafforza la fitta rete di rapporti economici, culturali e storici. <\/P><br \/>\n<P>Nell&#8217;ambito delle iniziative di &#8216;diplomazia per la crescita&#8217;, in Vojvodina si e&#8217; recato l&#8217;ambasciatore italiano in Serbia, Giuseppe Manzo, accompagnato dal responsabile dell&#8217;ufficio commerciale Marco Leone, per una visita alla comunita&#8217; italiana e incontri istituzionali con le autorita&#8217; locali, tra cui il presidente del governo e i sindaci di Novi Sad e Subotica. Nel corso della missione hanno trovato spazio anche presentazioni promozionali e visite a stabilimenti produttivi italiani. Forte e&#8217; stata la soddisfazione espressa per le attivita&#8217; imprenditoriali avviate nella regione, seguita dall&#8217;auspicio delle autorita&#8217; locali che la presenza italiana possa ulteriormente crescere e rafforzarsi. L&#8217;area e&#8217; tradizionalmente legata a Friuli Venezia Giulia e Trentino, ma anche Puglia ed Emilia Romagna, con una presenza diffusa in vari settori, dal tessile al metalmeccanico all&#8217;energia, e un potenziale di sviluppo soprattutto nell&#8217;ambito dell&#8217;agroindustria.\u00a0<\/P><\/p>\n","protected":false},"excerpt":{"rendered":"Comunicato della Provincia Autonoma della Vojvodina:Il Presidente Pajtic ha incontrato l\u2019Ambasciatore d\u2019Italia Il Presidente del Governo della Vojvodina Bojan Pajtic ha incontrato l\u2019Ambasciatore d\u2019Italia in Serbia Giuseppe Manzo che oggi si trova in una visita ufficiale in Vojvodina.In un colloquio aperto e cordiale, gli interlocutori hanno constatato che in Serbia ed in Vojvodina esistono numerosi [&hellip;]","protected":false},"author":1,"featured_media":0,"comment_status":"","ping_status":"","sticky":false,"template":"","format":"standard","meta":{"footnotes":""},"tags":[],"class_list":["post-8314","post","type-post","status-publish","format-standard","hentry"],"_links":{"self":[{"href":"https:\/\/ambbelgrado.esteri.it\/it\/wp-json\/wp\/v2\/posts\/8314","targetHints":{"allow":["GET"]}}],"collection":[{"href":"https:\/\/ambbelgrado.esteri.it\/it\/wp-json\/wp\/v2\/posts"}],"about":[{"href":"https:\/\/ambbelgrado.esteri.it\/it\/wp-json\/wp\/v2\/types\/post"}],"author":[{"embeddable":true,"href":"https:\/\/ambbelgrado.esteri.it\/it\/wp-json\/wp\/v2\/users\/1"}],"replies":[{"embeddable":true,"href":"https:\/\/ambbelgrado.esteri.it\/it\/wp-json\/wp\/v2\/comments?post=8314"}],"version-history":[{"count":0,"href":"https:\/\/ambbelgrado.esteri.it\/it\/wp-json\/wp\/v2\/posts\/8314\/revisions"}],"wp:attachment":[{"href":"https:\/\/ambbelgrado.esteri.it\/it\/wp-json\/wp\/v2\/media?parent=8314"}],"wp:term":[{"taxonomy":"post_tag","embeddable":true,"href":"https:\/\/ambbelgrado.esteri.it\/it\/wp-json\/wp\/v2\/tags?post=8314"}],"curies":[{"name":"wp","href":"https:\/\/api.w.org\/{rel}","templated":true}]}}