{"id":8269,"date":"2013-12-04T13:33:03","date_gmt":"2013-12-04T12:33:03","guid":{"rendered":"https:\/\/ambbelgrado.esteri.it\/news\/dall_ambasciata\/2013\/12\/2013-12-04-festival-film-di-autore\/"},"modified":"2013-12-04T13:33:03","modified_gmt":"2013-12-04T12:33:03","slug":"2013-12-04-festival-film-di-autore","status":"publish","type":"post","link":"https:\/\/ambbelgrado.esteri.it\/it\/news\/dall_ambasciata\/2013\/12\/2013-12-04-festival-film-di-autore\/","title":{"rendered":"Cinema: Belgrado, successo italiano a Festival film d&#8217;autore. Rosi e Cotta aprono e chiudono rassegna. Mostrato film Taviani."},"content":{"rendered":"<p><P><IMG style=\"WIDTH: 242px; HEIGHT: 306px\" border=\"0\" alt=\"Attrice Elena Cotta e Ambasciatore Manzo al Festival del film d'autore di Belgrado\" src=\"\/resource\/2013\/12\/fotoFestivalfilmdautoreElenaCottaeAmbManzoIMG_0615.jpg\" width=\"300\" height=\"317\"><\/P><P>BELGRADO, 4 DIC &#8211; A Belgrado si \u00e8 concluso all&#8217;insegna dell&#8217;Italia, cosi come era cominciato, il <STRONG>19\/mo Festival\u00a0 internazionale del film d&#8217;autore<\/STRONG>, che ha premiato con una menzione speciale <STRONG>&#8216;Via Castellana Bandiera&#8217;<\/STRONG>, il film di Emma Dante interpretato da <STRONG>Elena Cotta<\/STRONG>, l&#8217;attrice alla quale \u00e8 andata la Coppa Volpi in settembre alla Mostra di Venezia, e che era presente ieri sera alla cerimonia di chiusura del festival.<BR><BR>L&#8217;Italia \u00e8 stata l&#8217;ospite d&#8217;onore del festival, per iniziativa e con la partecipazione dell&#8217;Istituto italiano di cultura di Belgrado. La rassegna belgradese si era aperta il 28 novembre con la proiezione di<STRONG> &#8216;Sacro GRA&#8217;<\/STRONG>, il film documentario di <STRONG>Gianfranco Rosi<\/STRONG> vincitore del Leone d&#8217;Oro all&#8217;ultima Mostra cinematografica di Venezia. Anche Rosi ha voluto essere presente a Belgrado, dichiarando ufficialmente aperta la rassegna del film d&#8217;autore. Il festival nel suo programma ha presentato inoltre &#8216;Cesare deve morire&#8217; di Paolo e Vittorio Taviani, vincitore dell&#8217;Orso d&#8217;Oro lo scorso anno al Festival di Berlino.<BR><BR>A vincere la 19\/ma edizione del Festival di Belgrado \u00e8 stato il film &#8216;La posizione dei bambini&#8217; del romeno Calin Peter Netzer, che lo scorso febbraio si era aggiudicato l&#8217;Orso d&#8217;Oro a Berlino. Il regista, presente in sala, ha ritirato personalmente il premio.<BR><BR>A dichiarare ufficialmente chiuso il festival \u00e8 stata Elena Cotta, applaudita a lungo dal numeroso pubblico del Dom Omladine. &#8221;Sembrer\u00e0 strano alla mia et\u00e0, ma confesso di essere davvero emozionata&#8221;, ha detto l&#8217;attrice italiana, che ha sottolineato la validit\u00e0 di rassegne come quella belgradese.<BR><EM><STRONG>&#8221;Il mio messaggio \u00e8 lo stesso presente nel film &#8216;Via Castella Bandiera&#8217;, e cio\u00e8 che i conflitti possono e devono essere superati. I popoli non vogliono mai le guerre. Dobbiamo risparmiare le energie per iniziative\u00a0 meravigliose come questo festival e per lo scambio fra le culture&#8221;, ha detto Elena Cotta<\/STRONG><\/EM>, che sul palco era affiancata dall&#8217;Ambasciatore d&#8217;Italia a Belgrado Giuseppe Manzo, e dal direttore dell&#8217;Istituto italiano di cultura di Belgrado Sira Miori.<BR><STRONG><EM>&#8221;Il festival quest&#8217;anno ha parlato italiano, per questo contraccambio ora con un messaggio in serbo&#8221;, ha detto tra gli applausi l&#8217;Ambasciatore Manzo. &#8221;Grazie per l&#8217;attenzione che avete mostrato nei confronti dell&#8217;Italia. Ci\u00f2 dimostra che la nostra amicizia esiste anche davanti agli schermi cinematografici&#8221;, ha concluso in perfetto serbo l&#8217;Ambasciatore.<BR><\/EM><\/STRONG>La rassegna del film d&#8217;autore di Belgrado presenta nel programma principale film vincitori di Festival prestigiosi come Venezia, Cannes, Berlino, oltre a pellicole particolarmente apprezzate da critica e pubblico a livello internazionale.<BR>Quest&#8217;anno sono stati presentati in tutto 46 film di 13 Paesi, dieci dei quali in concorso. (ANSAmed)<\/P><\/p>\n","protected":false},"excerpt":{"rendered":"BELGRADO, 4 DIC &#8211; A Belgrado si \u00e8 concluso all&#8217;insegna dell&#8217;Italia, cosi come era cominciato, il 19\/mo Festival\u00a0 internazionale del film d&#8217;autore, che ha premiato con una menzione speciale &#8216;Via Castellana Bandiera&#8217;, il film di Emma Dante interpretato da Elena Cotta, l&#8217;attrice alla quale \u00e8 andata la Coppa Volpi in settembre alla Mostra di Venezia, [&hellip;]","protected":false},"author":1,"featured_media":0,"comment_status":"","ping_status":"","sticky":false,"template":"","format":"standard","meta":{"footnotes":""},"tags":[],"class_list":["post-8269","post","type-post","status-publish","format-standard","hentry"],"_links":{"self":[{"href":"https:\/\/ambbelgrado.esteri.it\/it\/wp-json\/wp\/v2\/posts\/8269","targetHints":{"allow":["GET"]}}],"collection":[{"href":"https:\/\/ambbelgrado.esteri.it\/it\/wp-json\/wp\/v2\/posts"}],"about":[{"href":"https:\/\/ambbelgrado.esteri.it\/it\/wp-json\/wp\/v2\/types\/post"}],"author":[{"embeddable":true,"href":"https:\/\/ambbelgrado.esteri.it\/it\/wp-json\/wp\/v2\/users\/1"}],"replies":[{"embeddable":true,"href":"https:\/\/ambbelgrado.esteri.it\/it\/wp-json\/wp\/v2\/comments?post=8269"}],"version-history":[{"count":0,"href":"https:\/\/ambbelgrado.esteri.it\/it\/wp-json\/wp\/v2\/posts\/8269\/revisions"}],"wp:attachment":[{"href":"https:\/\/ambbelgrado.esteri.it\/it\/wp-json\/wp\/v2\/media?parent=8269"}],"wp:term":[{"taxonomy":"post_tag","embeddable":true,"href":"https:\/\/ambbelgrado.esteri.it\/it\/wp-json\/wp\/v2\/tags?post=8269"}],"curies":[{"name":"wp","href":"https:\/\/api.w.org\/{rel}","templated":true}]}}