{"id":8172,"date":"2014-02-05T15:55:16","date_gmt":"2014-02-05T14:55:16","guid":{"rendered":"https:\/\/ambbelgrado.esteri.it\/news\/dall_ambasciata\/2014\/02\/2014-02-05-agenzia-nova-sul-segretario-generale-mae\/"},"modified":"2014-02-05T15:55:16","modified_gmt":"2014-02-05T14:55:16","slug":"2014-02-05-agenzia-nova-sul-segretario-generale-mae","status":"publish","type":"post","link":"https:\/\/ambbelgrado.esteri.it\/it\/news\/dall_ambasciata\/2014\/02\/2014-02-05-agenzia-nova-sul-segretario-generale-mae\/","title":{"rendered":"Serbia-Italia: segretario generale Farnesina Valensise\u00a0 domani a Belgrado, in agenda Europa e sostegno a imprese."},"content":{"rendered":"<p><P><IMG border=\"0\" alt=\"Segretario generale della Farnesina Amb. Valensise con Vice Primo Ministro serbo Vucic\" src=\"\/resource\/2014\/02\/127275.jpg\" width=\"265\" height=\"177\">\u00a0<\/P><P>Belgrado, 05 feb &#8211; <STRONG>(Nova)<\/STRONG> &#8211; Confermare il sostegno italiano al percorso europeo della Serbia e promuovere la cooperazione economica per favorire opportunit\u00e0 di crescita per le imprese italiane. Saranno questi i temi principali delle consultazioni che il segretario generale della Farnesina, Michele Valensise, avr\u00e0 domani a Belgrado in occasione di una visita che avviene all&#8217;indomani dell&#8217;avvio dei negoziati di adesione della Serbia all&#8217;Unione Europea aperti a Bruxelles il 21 gennaio scorso. Di Europa e di cooperazione economica l&#8217;ambasciatore Valensise parler\u00e0 con il segretario di stato agli Esteri serbo Snezana Jankovic, con la quale saranno inoltre affrontati i temi regionali e il dialogo tra Belgrado e Pristina.<BR>\u00a0<BR>In vista della presidenza italiana dell&#8217;Unione Europea nel secondo semestre di quest&#8217;anno, il segretario generale del ministero degli Esteri incontrer\u00e0 inoltre il capo negoziatore serbo con l&#8217;Ue, Tanja Miscevic, per approfondire possibili forme di assistenza italiana sopratutto nei settori della giustizia e degli affari interni. Su questi temi l&#8217;Ambasciatore Valensise si intratterr\u00e0 anche con il segretario di stato agli Interni Vanja Vukic e con il segretario di stato alla Giustizia Cedomir Backovic.<BR><BR>La diplomazia per la crescita, quale priorit\u00e0 dell&#8217;azione della Farnesina fortemente sostenuta dalla ministro Emma Bonino, sar\u00e0 al centro dell&#8217;incontro che Valensise avr\u00e0 con Ministri e funzionari dei dicasteri economici di Belgrado, insieme a rappresentanti di associazioni di categoria e imprese italiane operanti in Serbia. L&#8217;Italia, tradizionale sostenitore delle aspirazioni europee di Belgrado, nel 2013 \u00e8 stata il primo partner commerciale ed il primo investitore straniero in Serbia.<\/P><br \/>\n<P><STRONG><U>Notizia ANSA<\/U><\/STRONG><\/P><br \/>\n<P align=\"left\"><STRONG>Italia-Serbia: Valensise a Belgrado, Europa e aiuto imprese. Segretario generale Farnesina incontra politici e imprenditori<\/STRONG><STRONG><BR><\/STRONG><BR>(ANSA) &#8211; BELGRADO, 5 FEB &#8211; Confermare il sostegno italiano al percorso europeo della Serbia e promuovere la cooperazione<BR>economica per favorire opportunita&#8217; di crescita per le imprese italiane. Questi i temi principali delle consultazioni che il segretario generale della Farnesina, Michele Valensise, avra&#8217; domani a Belgrado in occasione di una visita che avviene all&#8217;indomani dell&#8217;avvio dei negoziati di adesione della Serbia all&#8217;Unione Europea, aperti a Bruxelles il 21 gennaio scorso.<BR>\u00a0\u00a0 Di Europa e di cooperazione economica l&#8217;ambasciatore Valensise parlera&#8217; con la segretario di Stato agli Esteri Snezana Jankovic, con la quale saranno inoltre affrontati i temi regionali e il dialogo tra Belgrado e Pristina. In vista della Presidenza Italiana dell&#8217;Unione Europea nel secondo semestre di quest&#8217;anno il segretario generale del Ministero degli Esteri incontrera&#8217; inoltre il Capo Negoziatore serbo con l&#8217;UE, Tanja Miscevic, per approfondire possibili forme di assistenza italiana sopratutto nei settori della giustizia e degli affari interni. Su questi temi l&#8217;ambasciatore Valensise si intratterra&#8217; anche con il segretario di Stato agli Interni Vanja Vukic e con il segretario di Stato alla Giustizia Cedomir Backovic.<BR>\u00a0\u00a0 La diplomazia per la crescita, quale priorita&#8217; dell&#8217;azione della Farnesina fortemente sostenuta dalla ministro Emma Bonino, sara&#8217; al centro dell&#8217;incontro che Valensise avra&#8217; con ministri e funzionari dei dicasteri economici di Belgrado insieme a rappresentanti di associazioni di categoria e imprese italiane operanti in Serbia.\u00a0L&#8217;Italia, tradizionale sostenitore delle aspirazioni europee di Belgrado, nel 2013 e&#8217; stata il primo partner commerciale ed il primo investitore straniero in Serbia.\u00a0 <\/P><br \/>\n<P align=\"left\">\u00a0<\/P><\/p>\n","protected":false},"excerpt":{"rendered":"\u00a0Belgrado, 05 feb &#8211; (Nova) &#8211; Confermare il sostegno italiano al percorso europeo della Serbia e promuovere la cooperazione economica per favorire opportunit\u00e0 di crescita per le imprese italiane. Saranno questi i temi principali delle consultazioni che il segretario generale della Farnesina, Michele Valensise, avr\u00e0 domani a Belgrado in occasione di una visita che avviene [&hellip;]","protected":false},"author":1,"featured_media":0,"comment_status":"","ping_status":"","sticky":false,"template":"","format":"standard","meta":{"footnotes":""},"tags":[],"class_list":["post-8172","post","type-post","status-publish","format-standard","hentry"],"_links":{"self":[{"href":"https:\/\/ambbelgrado.esteri.it\/it\/wp-json\/wp\/v2\/posts\/8172","targetHints":{"allow":["GET"]}}],"collection":[{"href":"https:\/\/ambbelgrado.esteri.it\/it\/wp-json\/wp\/v2\/posts"}],"about":[{"href":"https:\/\/ambbelgrado.esteri.it\/it\/wp-json\/wp\/v2\/types\/post"}],"author":[{"embeddable":true,"href":"https:\/\/ambbelgrado.esteri.it\/it\/wp-json\/wp\/v2\/users\/1"}],"replies":[{"embeddable":true,"href":"https:\/\/ambbelgrado.esteri.it\/it\/wp-json\/wp\/v2\/comments?post=8172"}],"version-history":[{"count":0,"href":"https:\/\/ambbelgrado.esteri.it\/it\/wp-json\/wp\/v2\/posts\/8172\/revisions"}],"wp:attachment":[{"href":"https:\/\/ambbelgrado.esteri.it\/it\/wp-json\/wp\/v2\/media?parent=8172"}],"wp:term":[{"taxonomy":"post_tag","embeddable":true,"href":"https:\/\/ambbelgrado.esteri.it\/it\/wp-json\/wp\/v2\/tags?post=8172"}],"curies":[{"name":"wp","href":"https:\/\/api.w.org\/{rel}","templated":true}]}}