{"id":8094,"date":"2014-03-26T14:03:23","date_gmt":"2014-03-26T13:03:23","guid":{"rendered":"https:\/\/ambbelgrado.esteri.it\/news\/dall_ambasciata\/2014\/03\/emigrazione-circolare\/"},"modified":"2014-03-26T14:03:23","modified_gmt":"2014-03-26T13:03:23","slug":"emigrazione-circolare","status":"publish","type":"post","link":"https:\/\/ambbelgrado.esteri.it\/it\/news\/dall_ambasciata\/2014\/03\/emigrazione-circolare\/","title":{"rendered":"&#8220;Italia-Lavoro&#8221; a Belgrado per favorire &#8220;emigrazione circolare&#8221;"},"content":{"rendered":"<p><P><EM><U><IMG style=\"WIDTH: 374px; HEIGHT: 248px\" border=\"0\" alt=\"Amb. Manzo all'apertura del dibattito sull'emigrazione circolare\" src=\"\/resource\/2014\/03\/ItaliaLavoro1.jpg\" width=\"393\" height=\"277\"><\/U><\/EM><\/P><P><EM><U><STRONG>Saluto dell&#8217;Ambasciatore Manzo all&#8217;apertura del dibattito &#8220;Formazione dei paesi di origine dei flussi migratori verso l&#8217;Italia&#8221;:<\/STRONG><\/U><\/EM><\/P><br \/>\n<P>Vi ringrazio per l\u2019invito ad aprire questa iniziativa di due giorni e do il benvenuto a Belgrado alla delegazione del Ministero del Lavoro e di Italia Lavoro. <BR><BR>Il fatto che le Amministrazioni Pubbliche dei due Paesi e le aziende private si confrontino su un tema cosi\u2019 centrale per lo sviluppo e l\u2019occupazione testimonia il livello e la profondita&#8217; della collaborazione che esiste tra Italia e Serbia. <BR><BR>E\u2019 naturale quando questa collaborazione riguarda 500 nostre imprese, un interscambio di circa 3 miliardi di euro e il primo posto tra gli investitori stranieri in Serbia (ricordo i quasi 250 membri della Camera di Commercio Italo-Serba). <BR><BR>E\u2019 ancora piu\u2019 naturale se si considera che anche in Europa l\u2019Italia fa&#8217; dell\u2019occupazione una priorita\u2019 assoluta. <BR><BR>E dell\u2019Unione Europea l\u2019Italia sara\u2019 presidente da luglio. E verso l\u2019Unione Europea la Serbia e\u2019 in cammino grazie anche al forte sostegno dell\u2019Italia. <BR><BR>Credo che queste siano le premesse migliori per il successo della vostra iniziativa per la quale vi auguro buon lavoro in questi due giorni.<BR>\u00a0<\/P><br \/>\n<P><EM><U>Agenzia NOVA<\/U><\/EM>:<\/P><br \/>\n<P>Belgrado, 26 mar &#8211; (Nova) &#8211; Apre oggi a Belgrado il dibattito di due giorni\u00a0nell&#8217;ambito del programma <STRONG>&#8220;Formazione dei paesi di origine dei flussi migratori verso l&#8217;Italia&#8221;<\/STRONG>. L&#8217;evento nasce per iniziativa dall&#8217;Agenzia del ministero del Lavoro italiano <STRONG>&#8220;Italia Lavoro&#8221;<\/STRONG>, con il sostegno dell&#8217;ambasciata italiana in Serbia, dell&#8217;Istituto italiano di cultura e della Camera di commercio italo-serba. <BR><BR>L&#8217;obiettivo e&#8217; consentire un efficace coordinamento pubblico-privato tra Italia e Serbia nel settore della formazione nei paesi di origine dei flussi migratori verso l&#8217;Italia, promuovendo i processi di <STRONG>&#8220;migrazione circolare&#8221;<\/STRONG> attraverso seminari e workshop tematici. Al centro della serie di incontri tra imprese e pubblica amministrazione ospitati a Palazzo Italia vi e&#8217; anzitutto il confronto e lo scambio di informazioni sul mercato del lavoro in Serbia e in Italia, sulle normative che regolano la migrazione e lo spostamento di lavoratori e studenti e sui meccanismi di assunzione e formazione delle risorse umane. <BR><BR>L&#8217;evento, replicato in altri paesi di origine dei flussi migratori verso l&#8217;Italia (Marocco, Tunisia, Egitto, Albania e Filippine), si inserisce, attraverso un tema centrale quale quello del lavoro e della formazione professionale, nell&#8217;ambito dell&#8217;assistenza che l&#8217;Italia sta fornendo alla Serbia sul percorso di adesione all&#8217;Unione europea avviato con l&#8217;apertura dei negoziati il 21 gennaio scorso. Ai lavori parteciperanno, fra gli altri, rappresentanti dei ministeri serbi del Lavoro e degli Esteri, universita&#8217; italiane, la Toscana film commission e circa 30 imprese italiane e serbe.<\/P><br \/>\n<P><BR><EM><U>Agenzia ANSA<\/U><\/EM>:<\/P><br \/>\n<P style=\"MARGIN: 0cm 0cm 0pt\" class=\"MsoNormal\"><STRONG>Lavoro: impegno Italia-Serbia per \u201cemigrazione circolare\u201d. Seminario a Belgrado su formazione flussi migratori<\/STRONG><\/P><br \/>\n<P style=\"MARGIN: 0cm 0cm 0pt\" class=\"MsoNormal\">\u00a0<\/P><br \/>\n<P style=\"MARGIN: 0cm 0cm 0pt\" class=\"MsoNormal\">(ANSAmed) &#8211; BELGRADO, 26 MAR &#8211; Consentire un efficace coordinamento pubblico-privato tra Italia e Serbia nel settore della formazione nei paesi di origine dei flussi migratori verso l&#8217;Italia, promuovendo i processi di &#8220;migrazione circolare&#8221; attraverso seminari e workshop tematici. Sono questi gli obiettivi di un seminario in programma oggi e domani a Belgrado, su iniziativa dell&#8217;Agenzia del Ministero del Lavoro italiano &#8220;<STRONG>Italia Lavoro<\/STRONG>&#8220;, con il sostegno dell&#8217;Ambasciata d&#8217;Italia in Serbia, dell&#8217;Istituto Italiano di Cultura a Belgrado e della Camera di Commercio Italo-Serba. L&#8217;evento \u00e8 finanziato dalla UE attraverso i ministeri italiani del lavoro e dell&#8217;interno e riguarda la formazione nei Paesi di origine dei flussi migratori verso l&#8217;Italia.<BR><BR><\/P><br \/>\n<P style=\"MARGIN: 0cm 0cm 0pt\" class=\"MsoNormal\">Al centro della serie di incontri tra imprese e pubblica amministrazione ospitati a Palazzo Italia anzitutto il confronto e lo scambio di informazioni sul mercato del lavoro in Serbia e in Italia, sulle normative che regolano la migrazione e lo spostamento di lavoratori e studenti e sui meccanismi di assunzione e formazione delle risorse umane.<BR>\u00a0\u00a0\u00a0\u00a0 <\/P><br \/>\n<P style=\"MARGIN: 0cm 0cm 0pt\" class=\"MsoNormal\">L&#8217;evento,replicato in altri Paesi di origine dei flussi migratori verso l&#8217;Italia (Marocco, Tunisia, Egitto, Albania e Filippine), si inserisce &#8211; su un tema centrale quale quello del lavoro e della formazione professionale &#8211; nell&#8217;assistenza che l&#8217;Italia sta fornendo alla Serbia nel percorso di adesione all&#8217;Unione Europea avviato con l&#8217;apertura dei negoziati il 21 gennaio scorso.<\/P><br \/>\n<P style=\"MARGIN: 0cm 0cm 0pt\" class=\"MsoNormal\"><BR>Ai lavori, insieme alla delegazione del ministero del lavoro e di Italia-Lavoro, partecipano rappresentanti dei Ministeri serbi del lavoro e degli esteri, Universit\u00e0 italiane, la Toscana Film Commission e circa 30 imprese italiane e serbe.<BR><BR><\/P><br \/>\n<P style=\"MARGIN: 0cm 0cm 0pt\" class=\"MsoNormal\">&#8220;Il fatto che le Amministrazioni Pubbliche dei due Paesi e le aziende private si confrontino su un tema cos\u00ec centrale per lo sviluppo e l&#8217;occupazione testimonia il livello e la profondit\u00e0 della collaborazione che esiste tra Italia e Serbia&#8221;, ha detto l&#8217;Ambasciatore d&#8217;Italia a Belgrado <STRONG>Giuseppe Manzo<\/STRONG>, intervenuto ai lavori del seminario. &#8220;L&#8217;Italia ha un ruolo speciale in Serbia, dove operano 500 nostre imprese, con un interscambio di circa 3 miliardi di euro e il primo posto tra gli investitori stranieri&#8221;, ha aggiunto l&#8217;Ambasciatore, ricordando i quasi 250 membri della Camera di Commercio Italo-Serba. &#8220;Ed anche in Europa &#8211; ha concluso &#8211; l&#8217;Italia fa&#8217; dell&#8217;occupazione una priorit\u00e0 assoluta.\u00a0 Dell&#8217;Unione Europea l&#8217;Italia sar\u00e0 presidente da luglio. E verso l&#8217;Unione Europea la Serbia \u00e8 in cammino grazie anche al forte sostegno dell&#8217;Italia. Credo che queste siano le premesse migliori per il successo di questa iniziativa&#8221;. <BR><BR><\/P><br \/>\n<P style=\"MARGIN: 0cm 0cm 0pt\" class=\"MsoNormal\">Rodolfo Giorgetti, responsabile dell&#8217;area immigrazione dell&#8217;Agenzia &#8216;Italia-Lavoro&#8217; del nostro ministero, ha detto da parte sua che obiettivo del semestre italiano della UE e&#8217; di organizzare un grande evento con i Paesi frontalieri e candidati all&#8217;adesione all&#8217;Unione, una conferenza per parlare dei problemi del Mediterraneo. &#8220;Per il futuro ci immaginiamo un&#8217;Europa pi\u00f9 ampia, un mercato del lavoro pi\u00f9 ampio, maggiori possibilit\u00e0 di interscambio tra imprese e anche un adeguamento salariale tra lavoratori serbi e italiani&#8221;, ha detto Giorgetti, che ha sottolineato fra l&#8217;altro l&#8217;importanza di finanziare l&#8217;apprendimento della lingua italiana all&#8217;estero nella prospettiva dei flussi migratori e lavorativi verso il nostro Paese.<BR><BR><\/P><br \/>\n<P style=\"MARGIN: 0cm 0cm 0pt\" class=\"MsoNormal\">Domani sono in programma workshop sulla cooperazione italo-serba nei settori dell&#8217;ingegneria meccanica e della produzione cinematografica. <BR><\/P><\/p>\n","protected":false},"excerpt":{"rendered":"Saluto dell&#8217;Ambasciatore Manzo all&#8217;apertura del dibattito &#8220;Formazione dei paesi di origine dei flussi migratori verso l&#8217;Italia&#8221;: Vi ringrazio per l\u2019invito ad aprire questa iniziativa di due giorni e do il benvenuto a Belgrado alla delegazione del Ministero del Lavoro e di Italia Lavoro. Il fatto che le Amministrazioni Pubbliche dei due Paesi e le aziende [&hellip;]","protected":false},"author":1,"featured_media":0,"comment_status":"","ping_status":"","sticky":false,"template":"","format":"standard","meta":{"footnotes":""},"tags":[],"class_list":["post-8094","post","type-post","status-publish","format-standard","hentry"],"_links":{"self":[{"href":"https:\/\/ambbelgrado.esteri.it\/it\/wp-json\/wp\/v2\/posts\/8094","targetHints":{"allow":["GET"]}}],"collection":[{"href":"https:\/\/ambbelgrado.esteri.it\/it\/wp-json\/wp\/v2\/posts"}],"about":[{"href":"https:\/\/ambbelgrado.esteri.it\/it\/wp-json\/wp\/v2\/types\/post"}],"author":[{"embeddable":true,"href":"https:\/\/ambbelgrado.esteri.it\/it\/wp-json\/wp\/v2\/users\/1"}],"replies":[{"embeddable":true,"href":"https:\/\/ambbelgrado.esteri.it\/it\/wp-json\/wp\/v2\/comments?post=8094"}],"version-history":[{"count":0,"href":"https:\/\/ambbelgrado.esteri.it\/it\/wp-json\/wp\/v2\/posts\/8094\/revisions"}],"wp:attachment":[{"href":"https:\/\/ambbelgrado.esteri.it\/it\/wp-json\/wp\/v2\/media?parent=8094"}],"wp:term":[{"taxonomy":"post_tag","embeddable":true,"href":"https:\/\/ambbelgrado.esteri.it\/it\/wp-json\/wp\/v2\/tags?post=8094"}],"curies":[{"name":"wp","href":"https:\/\/api.w.org\/{rel}","templated":true}]}}