{"id":8074,"date":"2014-04-03T08:32:51","date_gmt":"2014-04-03T06:32:51","guid":{"rendered":"https:\/\/ambbelgrado.esteri.it\/news\/dall_ambasciata\/2014\/04\/scambio-studenti-licei-belgrado-e-altamura\/"},"modified":"2014-04-03T08:32:51","modified_gmt":"2014-04-03T06:32:51","slug":"scambio-studenti-licei-belgrado-e-altamura","status":"publish","type":"post","link":"https:\/\/ambbelgrado.esteri.it\/it\/news\/dall_ambasciata\/2014\/04\/scambio-studenti-licei-belgrado-e-altamura\/","title":{"rendered":"Scambio studenti licei Belgrado e Altamura. In maggio allievi serbi in Puglia."},"content":{"rendered":"<p><P><BR>\u00a0\u00a0\u00a0 (ANSA) &#8211; BELGRADO, 31 MAR &#8211; Un gruppo di studenti del Liceo classico statale &#8216;Cagnazzi&#8217; di Altamura (Bari) ha fatto un soggiorno a Belgrado nell&#8217;ambito degli accordi di scambi e gemellaggio con il Terzo Liceo della capitale serba, nel quale da dieci anni \u00e8 operativa una sezione italiana\u00a0 requentata da un centinaio di studenti particolarmente interessati allo studio della lingua italiana e alla conoscenza della storia e della cultura del nostro Paese. E&#8217; la seconda volta che i ragazzi di<BR>Altamura sono ospiti dei loro colleghi a Belgrado, dopo una prima missione lo scorso anno.<BR>\u00a0\u00a0\u00a0 Dal 20 al 25 marzo gli studenti pugliesi, accompagnati da due docenti, hanno preso contatto diretto con i loro colleghi serbi, che, con presentazioni ad hoc e rigorosamente in italiano, li hanno informati sui programmi del Terzo Liceo, sulla situazione scolastica in Serbia, fornendo al tempo stesso ai loro compagni italiani informazioni sulla storia, la civilt\u00e0 e la cultura della Serbia. Ospiti delle famiglie degli studenti serbi, i ragazzi italiani hanno visitato alcuni Musei di Belgrado, i luoghi pi\u00f9 importanti e significativi della citt\u00e0 sui due fiumi (Sava e Danubio) e hanno fatto un&#8217;escursione a Novi Sad, seconda citt\u00e0 della Serbia e capoluogo della provincia settentrionale della Vojvodina. Hanno inoltre visitato l&#8217;Istituto italiano di cultura di Belgrado. <BR>\u00a0\u00a0\u00a0 L&#8217;iniziativa si \u00e8\u00a0 concretizzata al meglio grazie all&#8217;entusiasmo e al forte contributo di Clara De Mari e Anzia Saccomandi, docenti rispettivamente del &#8216;Cagnazzi&#8217; e del Terzo liceo di Belgrado.<BR>Dal 25 al 31 maggio il Liceo &#8216;Cagnazzi&#8217; di Altamura ricambier\u00e0 l&#8217;ospitalit\u00e0 a un gruppo di 14 studenti serbi del Terzo Liceo di Belgrado, che prenderanno parte tra l&#8217;altro, con un loro spettacolo in italiano, alla tradizionale Rassegna teatrale organizzata dall&#8217;Istituto altamurano. Anche in questo<BR>caso sar\u00e0 la seconda volta degli studenti belgradesi nella citta&#8217; pugliese.<BR>\u00a0\u00a0\u00a0 Analoghi scambi il Terzo Liceo li ha avuti, sempre nel mese di marzo, con il Liceo statale &#8216;Virgilio&#8217; di Milano, con 24 studenti serbi ospiti nel capoluogo lombardo, e con il Liceo statale &#8216;Paolo Diacono&#8217; di Cividale (Udine), 14 allievi del quale sono stati in visita a Belgrado.<BR><\/P><\/p>\n","protected":false},"excerpt":{"rendered":"\u00a0\u00a0\u00a0 (ANSA) &#8211; BELGRADO, 31 MAR &#8211; Un gruppo di studenti del Liceo classico statale &#8216;Cagnazzi&#8217; di Altamura (Bari) ha fatto un soggiorno a Belgrado nell&#8217;ambito degli accordi di scambi e gemellaggio con il Terzo Liceo della capitale serba, nel quale da dieci anni \u00e8 operativa una sezione italiana\u00a0 requentata da un centinaio di studenti [&hellip;]","protected":false},"author":1,"featured_media":0,"comment_status":"","ping_status":"","sticky":false,"template":"","format":"standard","meta":{"footnotes":""},"tags":[],"class_list":["post-8074","post","type-post","status-publish","format-standard","hentry"],"_links":{"self":[{"href":"https:\/\/ambbelgrado.esteri.it\/it\/wp-json\/wp\/v2\/posts\/8074","targetHints":{"allow":["GET"]}}],"collection":[{"href":"https:\/\/ambbelgrado.esteri.it\/it\/wp-json\/wp\/v2\/posts"}],"about":[{"href":"https:\/\/ambbelgrado.esteri.it\/it\/wp-json\/wp\/v2\/types\/post"}],"author":[{"embeddable":true,"href":"https:\/\/ambbelgrado.esteri.it\/it\/wp-json\/wp\/v2\/users\/1"}],"replies":[{"embeddable":true,"href":"https:\/\/ambbelgrado.esteri.it\/it\/wp-json\/wp\/v2\/comments?post=8074"}],"version-history":[{"count":0,"href":"https:\/\/ambbelgrado.esteri.it\/it\/wp-json\/wp\/v2\/posts\/8074\/revisions"}],"wp:attachment":[{"href":"https:\/\/ambbelgrado.esteri.it\/it\/wp-json\/wp\/v2\/media?parent=8074"}],"wp:term":[{"taxonomy":"post_tag","embeddable":true,"href":"https:\/\/ambbelgrado.esteri.it\/it\/wp-json\/wp\/v2\/tags?post=8074"}],"curies":[{"name":"wp","href":"https:\/\/api.w.org\/{rel}","templated":true}]}}