{"id":8064,"date":"2014-04-14T07:51:05","date_gmt":"2014-04-14T05:51:05","guid":{"rendered":"https:\/\/ambbelgrado.esteri.it\/news\/dall_ambasciata\/2014\/04\/la-via-maestra-di-giorgio-napolitano\/"},"modified":"2014-04-14T07:51:05","modified_gmt":"2014-04-14T05:51:05","slug":"la-via-maestra-di-giorgio-napolitano","status":"publish","type":"post","link":"https:\/\/ambbelgrado.esteri.it\/it\/news\/dall_ambasciata\/2014\/04\/la-via-maestra-di-giorgio-napolitano\/","title":{"rendered":"Sulla stampa serba la \u201cLa via maestra\u201d di Giorgio Napolitano"},"content":{"rendered":"<p><P><IMG style=\"MARGIN-TOP: 0px; WIDTH: 150px; HEIGHT: 198px; MARGIN-LEFT: 0px; MARGIN-RIGHT: 0px\" class=\"rg_i\" name=\"4LVp7FmWj7hedM:\" src=\"https:\/\/encrypted-tbn1.gstatic.com\/images?q=tbn:ANd9GcSPbbQs23Yfz4mDV4sc5LDjaYaItGhgdYp5wiBGb57LzIQU6zApPQ\" data-sz=\"f\" data-src=\"https:\/\/encrypted-tbn1.gstatic.com\/images?q=tbn:ANd9GcSPbbQs23Yfz4mDV4sc5LDjaYaItGhgdYp5wiBGb57LzIQU6zApPQ\"><\/P><P><EM><U>Agenzia NOVA<\/U><\/EM>:<\/P><br \/>\n<P>Belgrado, 14 apr 09:22 &#8211; (<STRONG>Agenzia Nova<\/STRONG>) &#8211; Da oggi e fino a mercoled\u00ec i lettori serbi potranno trovare in tutte le edicole del paese la versione in lingua serba della prefazione a firma del presidente della Repubblica italiana, <STRONG>Giorgio Napolitano<\/STRONG>, del volume <STRONG>\u201cLa via maestra. L&#8217;Europa e il ruolo dell&#8217;Italia nel mondo\u201d.<\/STRONG> Grazie ad un&#8217;intesa con l&#8217;ambasciata d\u2019Italia a Belgrado, <STRONG>il quotidiano \u201cPolitika\u201d<\/STRONG> che ha da poco celebrato i suoi 110 anni pubblicher\u00e0 in esclusiva, sui numeri di oggi, marted\u00ec e mercoled\u00ec, il testo con il quale Napolitano apre il suo libro realizzato assieme al giornalista del quotidiano \u201cLa Repubblica\u201d Federico Rampini, e pubblicato lo scorso anno al termine del primo mandato al Quirinale. \u201cIl 2014 ha un valore speciale per la Serbia che ha iniziato l&#8217;anno con la storica apertura dei negoziati di adesione all&#8217;Unione Europea, di cui l&#8217;Italia dal primo luglio avr\u00e0 la presidenza\u201d, scrive l&#8217;ambasciatore italiano in Serbia, <STRONG>Giuseppe Manzo<\/STRONG>, nell&#8217;introdurre la prima parte pubblicata oggi sul giornale serbo.<BR><BR>\u201cProprio l&#8217;Europa \u2013 prosegue Manzo &#8211; rappresenta l\u2019imprescindibile riferimento culturale, oltre che politico, attorno al quale si sviluppano le riflessioni di un convinto europeista quale \u00e8 il presidente Giorgio Napolitano\u201d. Manzo ha inoltre ringraziato la direttrice del quotidiano di Belgrado, Liljiana Smailovic, per \u201cl&#8217;entusiasmo\u201d con il quale ha subito aderito all&#8217;iniziativa. Nella prima puntata in edicola oggi il testo \u00e8 pubblicato con la foto del presidente Napolitano affiancata a quella di Altiero Spinelli, figura storica dell&#8217;europeismo e considerato uno dei padri fondatori dell&#8217;Unione Europea. &#8220;La via maestra&#8221;, sotto forma di un dialogo\/conversazione con Federico Rampini, ripercorre le fasi principali del settennato 2006-2013 di Giorgio Napolitano al Quirinale, oltre che le direttrici dell&#8217;azione internazionale del presidente fondata sui pilastri dell&#8217;europeismo e dell&#8217;atlantismo. <\/P><br \/>\n<P><BR><EM><U>Agenzia ANSA<\/U><\/EM>:<\/P><br \/>\n<P><STRONG>Italia-Serbia: su Politika \u201cLa Via Maestra\u201d di Napoletano. Iniziativa del quotidiano belgradese e Ambasciata d&#8217;Italia <BR><\/STRONG><BR>(ANSAmed) &#8211; BELGRADO, 14 APR &#8211; Da oggi e fino a mercoled\u00ec i lettori serbi potranno trovare in tutte le edicole del Paese la versione in lingua serba della prefazione a firma del <STRONG>Presidente Napolitano<\/STRONG> del volume &#8220;<STRONG>La Via Maestra<\/STRONG>&#8220;. L&#8217;Europa e il ruolo dell&#8217;Italia nel mondo&#8221;. <BR><BR>Grazie ad un&#8217;intesa con l&#8217;Ambasciata italiana il pi\u00f9 autorevole quotidiano di Belgrado, che ha da poco celebrato i 110 anni, pubblicher\u00e0 in esclusiva, sui numeri di oggi, marted\u00ec e mercoled\u00ec, il testo con il quale il Presidente della Repubblica apre il suo libro realizzato con il giornalista di Repubblica Federico Rampini e pubblicato lo scorso anno al termine del suo primo mandato al Quirinale. <BR><BR>&#8220;Il 2014 ha un valore speciale per la Serbia che ha iniziato l&#8217;anno con la storica apertura dei negoziati di adesione all&#8217;Unione Europea, di cui l&#8217;Italia dal primo luglio avr\u00e0 la presidenza. E proprio l&#8217;Europa rappresenta l&#8217;imprescindibile riferimento culturale, oltre che politico, attorno al quale si sviluppano le riflessioni di un convinto europeista quale e&#8217; il Presidente Giorgio Napolitano&#8221;: cos\u00ec scrive l&#8217;ambasciatore italiano in Serbia, <STRONG>Giuseppe Manzo<\/STRONG>, nell&#8217;introdurre la prima parte pubblicata oggi su &#8220;Politika&#8221; e nel ringraziare la direttrice del quotidiano di Belgrado, Ljiljana Smajlovic, per &#8220;l&#8217;entusiasmo&#8221; con il quale ha subito aderito all&#8217;iniziativa. <BR><BR>Nella prima puntata in edicola oggi il testo \u00e8 pubblicato con la foto del Presidente Napolitano affiancata a quella di Altiero Spinelli, figura storica dell&#8217;europeismo considerato uno dei padri fondatori dell&#8217;Unione Europea. <BR><BR>&#8220;La Via Maestra&#8221;, sotto forma di un dialogo\/conversazione con Federico Rampini, ripercorre le fasi principali del settennato 2006-2013 di Giorgio Napolitano al Quirinale e le direttrici dell&#8217;azione internazionale del Presidente fondata sui pilastri dell&#8217;europeismo e dell&#8217;atlantismo.<BR>\u00a0<\/P><br \/>\n<P>\u00a0<\/P><\/p>\n","protected":false},"excerpt":{"rendered":"Agenzia NOVA: Belgrado, 14 apr 09:22 &#8211; (Agenzia Nova) &#8211; Da oggi e fino a mercoled\u00ec i lettori serbi potranno trovare in tutte le edicole del paese la versione in lingua serba della prefazione a firma del presidente della Repubblica italiana, Giorgio Napolitano, del volume \u201cLa via maestra. L&#8217;Europa e il ruolo dell&#8217;Italia nel mondo\u201d. [&hellip;]","protected":false},"author":1,"featured_media":0,"comment_status":"","ping_status":"","sticky":false,"template":"","format":"standard","meta":{"footnotes":""},"tags":[],"class_list":["post-8064","post","type-post","status-publish","format-standard","hentry"],"_links":{"self":[{"href":"https:\/\/ambbelgrado.esteri.it\/it\/wp-json\/wp\/v2\/posts\/8064","targetHints":{"allow":["GET"]}}],"collection":[{"href":"https:\/\/ambbelgrado.esteri.it\/it\/wp-json\/wp\/v2\/posts"}],"about":[{"href":"https:\/\/ambbelgrado.esteri.it\/it\/wp-json\/wp\/v2\/types\/post"}],"author":[{"embeddable":true,"href":"https:\/\/ambbelgrado.esteri.it\/it\/wp-json\/wp\/v2\/users\/1"}],"replies":[{"embeddable":true,"href":"https:\/\/ambbelgrado.esteri.it\/it\/wp-json\/wp\/v2\/comments?post=8064"}],"version-history":[{"count":0,"href":"https:\/\/ambbelgrado.esteri.it\/it\/wp-json\/wp\/v2\/posts\/8064\/revisions"}],"wp:attachment":[{"href":"https:\/\/ambbelgrado.esteri.it\/it\/wp-json\/wp\/v2\/media?parent=8064"}],"wp:term":[{"taxonomy":"post_tag","embeddable":true,"href":"https:\/\/ambbelgrado.esteri.it\/it\/wp-json\/wp\/v2\/tags?post=8064"}],"curies":[{"name":"wp","href":"https:\/\/api.w.org\/{rel}","templated":true}]}}