{"id":8003,"date":"2014-05-14T13:51:47","date_gmt":"2014-05-14T11:51:47","guid":{"rendered":"https:\/\/ambbelgrado.esteri.it\/news\/dall_ambasciata\/2014\/05\/megatrend\/"},"modified":"2014-05-14T13:51:47","modified_gmt":"2014-05-14T11:51:47","slug":"megatrend","status":"publish","type":"post","link":"https:\/\/ambbelgrado.esteri.it\/it\/news\/dall_ambasciata\/2014\/05\/megatrend\/","title":{"rendered":"Incontro Ambasciatore Manzo con\u00a0studenti Universita&#8217; Megatrend di Belgrado sui rapporti tra Italia e Serbia\u00a0e sull&#8217;Expo2015 Milano"},"content":{"rendered":"<p><P><IMG style=\"WIDTH: 251px; HEIGHT: 168px\" border=\"0\" alt=\"Ambasciatore Manzo all'Universita' Megatrend\" src=\"\/resource\/2014\/05\/Megatrend2014_05_14_11422902.jpg\" width=\"268\" height=\"200\"><\/P><P><IMG style=\"WIDTH: 251px; HEIGHT: 160px\" border=\"0\" alt=\"Ambasciatore Manzo alla Megatrend su Expo2015\" src=\"\/resource\/2014\/05\/_DJT0499PredavanjeitalijanskogambasadoraDjuzepeMea.jpg\" width=\"281\" height=\"184\"><\/P><br \/>\n<P><IMG style=\"WIDTH: 251px; HEIGHT: 158px\" border=\"0\" alt=\"Aula Megatrend\" src=\"\/resource\/2014\/05\/_DJT0539PredavanjeitalijanskogambasadoraDjuzepeMea.jpg\" width=\"263\" height=\"180\"><\/P><br \/>\n<P><IMG style=\"WIDTH: 255px; HEIGHT: 157px\" border=\"0\" alt=\"Rettore Megatrend Prof. dr Mica Jovanovic e Ambasciatore Manzo\" src=\"\/resource\/2014\/05\/_DJT0630PredavanjeitalijanskogambasadoraDjuzepeMea.jpg\" width=\"256\" height=\"199\"><\/P><br \/>\n<P><STRONG>Expo 2015 al centro della conferenza presso Universit\u00e0 Megatrend di Belgrado<\/STRONG><BR><BR>Belgrado, 14 mag 15:21 &#8211; (<EM>Agenzia Nova<\/EM>) &#8211; Si \u00e8 tenuta oggi presso l\u2019Universit\u00e0 Megatrend di Belgrado la<STRONG> conferenza \u201cRelazioni fra Italia e Serbia verso Expo Milano 2015\u201d.<\/STRONG> L\u2019evento, organizzato nel 25mo anniversario dalla fondazione dell\u2019istituto, \u00e8 stato aperto dall\u2019intervento del rettore Mica Jovanovic e da una lezione tenuta dall\u2019ambasciatore d\u2019Italia a Belgrado, <STRONG>Giuseppe Manzo<\/STRONG>, ed \u00e8 proseguito infine con la presentazione dei progetti di cooperazione fra l\u2019universit\u00e0 e alcune istituzioni italiane, fra cui il programma congiunto con l\u2019Agenzia per la promozione all&#8217;estero e l&#8217;internazionalizzazione delle imprese italiane (Ice). Il tema centrale del dibattito \u00e8 stato l\u2019Expo 2015, a cui parteciperanno 147 paesi fra cui la Serbia, come ha ricordato nel suo discorso l\u2019ambasciatore italiano. Manzo ha invitato i giovani studenti a fare visita all\u2019esposizione universale che si terr\u00e0 dal primo maggio al 31 ottobre 2015.<BR><BR>\u201cCome le precedenti esposizioni \u2013 ha detto Manzo \u2013 Expo Milano 2015 affronter\u00e0 un tema di interesse generale per l\u2019intera umanit\u00e0\u201d. Rispetto alle altre, ha precisato Manzo, Expo Milano 2015 presenter\u00e0 alcune importanti innovazioni, la prima delle quali \u00e8 il tema \u201cFeeding the planet, Energy for life\u201d, un tema interdisciplinare che collega tutte le questioni fondamentali del terzo millennio, dall\u2019agricoltura al settore alimentare, l\u2019ambiente e l\u2019energia ma anche le nuove tecnologie, la cultura e l\u2019istruzione. La seconda innovazione \u00e8 rappresentata dall\u2019organizzazione dell\u2019esposizione stessa, che oltre i tradizionali padiglioni ospiter\u00e0 numerosi siti per stimolare la partecipazione e il coinvolgimento dei visitatoti, dal teatro Open air all\u2019auditorium fino ai programmi serali. La partecipazione della Serbia all\u2019Expo vedr\u00e0 come slogan \u201cTaste food, feel life\u201d (assaggia il cibo, senti la vita), che ricalca e reinterpreta il tema originario della fiera universale.<\/P><br \/>\n<P>Manzo ha infine ricordato come le relazioni fra Serbia e Italia siano caratterizzate da un\u2019amicizia di lunga data, oltre che da un\u2019intensa cooperazione economica che vede Roma al primo posto per scambio commerciale e per investimenti diretti nel paese. L\u2019Italia, ha aggiunto, \u00e8 sempre stato il pi\u00f9 grande sostenitore del percorso di integrazione europea della Serbia, e proprio questo tema sar\u00e0 nella lista delle priorit\u00e0 della presidenza di turno italiana dell\u2019Unione, a partire dal prossimo luglio. Il rettore dell\u2019universit\u00e0 Megatrend, Mica Jovanovic, ha ricordato come la cooperazione bilaterale fra i due paesi fosse gi\u00e0 intensa ai tempi della Federazione jugoslava, e si sia ulteriormente rafforzata negli ultimi decenni. La Megatrend, ha aggiunto, vede una collaborazione positiva con diversi atenei italiani, fra cui la Lum di Bari, l\u2019Universit\u00e0 statale di Foggia e il Politecnico di Milano. Jovanovic ha infine ricordato come tra gli esperti mondiali che hanno sostenuto la fondazione dell\u2019istituto con la propria opera vi sia anche l\u2019italiano Oscar Marchisio, docente dell\u2019Universit\u00e0 di Bologna. <\/P><br \/>\n<P><STRONG>&#8211;<BR>ITALY-SERBIA RELATIONS TOWARDS EXPO MILAN 2015<\/STRONG><BR><BR>Introductio of Ambassador Manzo<BR><BR>&#8220;First of all I would like to thank Megatrend University and your Rector Professor Mica Jovanovic for giving me the opportunity to address you today. The Italian Embassy in Belgrade is attaching a great importance to the relations with students and with Serbia\u2019s new generations. <BR>That\u2019s also the reason why today we organized, together with Megatrend and with the gallery Zecevic, a small exhibition of two Serbian artists who studied in Italy and are already exhibiting their work abroad with great success: Marta Jovanovic and Vladimir Vinkic.<BR>Let me also mention that we are also organizing a public contest for student younger then 25 years old to design a new logo for the Embassy, with a prize for the winner of 1.000 Euro. You will find all the information on our website.<BR>Today I will start with a general overview of Italy-Serbia relations. I will then turn to Expo Milan 2015 that will take place in Milan next year. I thought this would be an interesting topic to discuss with you since it relates to the most important scientific and economic issues of the third millenium: food security, energy issues, environment and climate change.<BR>So let\u2019s start with Italy-Serbia relations.<BR>When Yugoslavia still existed, Italy was the first foreign country to be visited by its citizens and Italian was the first language to be learned. Today Italian language remains among the main foreign language studied in Serbia and Serbian citizens continue to go to Italy for several reasons: to Bocconi, for instance,\u00a0 where the largest group of non Italian students is the Serbian one. This is why the Serbian Ministry of Foreign Affairs still acknowledges Italy as one of Serbia\u2019s neighboring countries, even though we do not share a boundary anymore&#8221;.<\/P><br \/>\n<P><A href=\"\/resource\/2014\/05\/MEGATRENDdiscorsoAmbManzo.pdf\">Discorso integrale dell&#8217;Ambasciatore Manzo all&#8217;Universita&#8217; Megatrend<\/A><\/P><br \/>\n<P><A href=\"http:\/\/www.megatrend.edu.rs\/vest_strana.php?v=1627\">http:\/\/www.megatrend.edu.rs\/vest_strana.php?v=1627<\/A><\/P><br \/>\n<P>\u00a0<\/P><br \/>\n<P>\u00a0<\/P><\/p>\n","protected":false},"excerpt":{"rendered":"Expo 2015 al centro della conferenza presso Universit\u00e0 Megatrend di BelgradoBelgrado, 14 mag 15:21 &#8211; (Agenzia Nova) &#8211; Si \u00e8 tenuta oggi presso l\u2019Universit\u00e0 Megatrend di Belgrado la conferenza \u201cRelazioni fra Italia e Serbia verso Expo Milano 2015\u201d. L\u2019evento, organizzato nel 25mo anniversario dalla fondazione dell\u2019istituto, \u00e8 stato aperto dall\u2019intervento del rettore Mica Jovanovic e [&hellip;]","protected":false},"author":1,"featured_media":0,"comment_status":"","ping_status":"","sticky":false,"template":"","format":"standard","meta":{"footnotes":""},"tags":[],"class_list":["post-8003","post","type-post","status-publish","format-standard","hentry"],"_links":{"self":[{"href":"https:\/\/ambbelgrado.esteri.it\/it\/wp-json\/wp\/v2\/posts\/8003","targetHints":{"allow":["GET"]}}],"collection":[{"href":"https:\/\/ambbelgrado.esteri.it\/it\/wp-json\/wp\/v2\/posts"}],"about":[{"href":"https:\/\/ambbelgrado.esteri.it\/it\/wp-json\/wp\/v2\/types\/post"}],"author":[{"embeddable":true,"href":"https:\/\/ambbelgrado.esteri.it\/it\/wp-json\/wp\/v2\/users\/1"}],"replies":[{"embeddable":true,"href":"https:\/\/ambbelgrado.esteri.it\/it\/wp-json\/wp\/v2\/comments?post=8003"}],"version-history":[{"count":0,"href":"https:\/\/ambbelgrado.esteri.it\/it\/wp-json\/wp\/v2\/posts\/8003\/revisions"}],"wp:attachment":[{"href":"https:\/\/ambbelgrado.esteri.it\/it\/wp-json\/wp\/v2\/media?parent=8003"}],"wp:term":[{"taxonomy":"post_tag","embeddable":true,"href":"https:\/\/ambbelgrado.esteri.it\/it\/wp-json\/wp\/v2\/tags?post=8003"}],"curies":[{"name":"wp","href":"https:\/\/api.w.org\/{rel}","templated":true}]}}