{"id":7987,"date":"2014-05-15T10:30:19","date_gmt":"2014-05-15T08:30:19","guid":{"rendered":"https:\/\/ambbelgrado.esteri.it\/news\/dall_ambasciata\/2014\/05\/incontro-manzo-con-bogosavljevic-boskovic\/"},"modified":"2014-05-15T10:30:19","modified_gmt":"2014-05-15T08:30:19","slug":"incontro-manzo-con-bogosavljevic-boskovic","status":"publish","type":"post","link":"https:\/\/ambbelgrado.esteri.it\/it\/news\/dall_ambasciata\/2014\/05\/incontro-manzo-con-bogosavljevic-boskovic\/","title":{"rendered":"L&#8217;Ambasciatore Manzo incontra il Ministro dell&#8217;Agricoltura e dell&#8217;Ambiente Bogosavljevic Boskovic"},"content":{"rendered":"<p><P><IMG border=\"0\" alt=\"Ambasciatpore Manzo con il Ministro dell'Agricoltura Bogosavljevic Boskovic\" src=\"\/resource\/2014\/05\/FotoManzoBogosavljevicBoskovic.jpg\"><\/P><P><U><EM>Agenzia NOVA<\/EM><\/U>:<\/P><br \/>\n<P><STRONG>Serbia-Italia: incontro fra ministro Agricoltura Boskovic e ambasciatore Manzo<\/STRONG><BR>\u00a0<BR>Belgrado, 15 mag &#8211; (Nova) &#8211; <STRONG>Il ministro dell&#8217;Agricoltura serbo, Snezana Bogosavljevic Boskovic<\/STRONG>, ha incontrato ieri <STRONG>l&#8217;ambasciatore d&#8217;Italia a Belgrado, Giuseppe Manzo<\/STRONG>, presso la sede del dicastero serbo. Secondo quanto riporta una nota ministeriale, la Boskovic ha ricordato che l&#8217;Italia \u00e8 uno dei pi\u00f9 importanti partner nel settore del commercio estero per la Serbia. Nella prima met\u00e0 dell&#8217;anno scorso lo scambio commerciale dei prodotti agricoli e alimentari tra i due paesi ammontava a 108 milioni di dollari (pari a\u00a0 circa 79 milioni di euro). Al centro del colloquio sono stati i memorandum e protocolli gi\u00e0 sottoscritti, oltre che i progetti avviati nel settore agricolo e in quello dell&#8217;ambiente. <BR>\u00a0<BR>Il ministro Boskovic e l&#8217;ambasciatore Manzo hanno convenuto sulla necessit\u00e0 di intensificare la cooperazione nel settore agricolo e quello della tutela dell&#8217;ambiente, essendo ci\u00f2 nel comune interesse dei due paesi. E&#8217; stata inoltre ribadita l&#8217;importanza del sostegno della parte italiana nella realizzazione dei progetti Ipa &#8211; <STRONG>twinning project<\/STRONG>, e in quelli relativi alla tutela dell&#8217;ambiente. Durante l&#8217;incontro sono anche stati ricordati gli investimenti operati negli anni passati dalle imprese italiane nel settore agricolo, oltre che il memorandum d&#8217;intesa firmato lo scorso febbraio dal gruppo Ferrero e dal governo serbo per una possibile produzione di nocciole in Serbia. <BR>\u00a0<BR>Manzo e la Boskovic hanno discusso inoltre della prossima fiera dell&#8217;Agricoltura che si terr\u00e0 a Novi Sad dal 20 al 26 maggio, alla quale l&#8217;Italia parteciper\u00e0 con un proprio padiglione. Quest&#8217;ultimo sar\u00e0 inaugurato alla presenza dell&#8217;ambasciatore e del ministro. Tra i temi discussi nel colloquio di ieri, infine, vi \u00e8 stata anche la partecipazione serba all&#8217;appuntamento di <STRONG>Expo Milano 2015<\/STRONG>, che mette al centro i temi dello sviluppo sostenibile e dell&#8217;alimentazione. <\/P><br \/>\n<P><EM><U>Agenzia ANSA<\/U><\/EM>:<\/P><br \/>\n<P><STRONG>Italia-Serbia: rafforzamento cooperazione in agricoltura, Ambasciatore Manzo incontra ministro Bogosavljevic-Boskovic<\/STRONG><\/P><br \/>\n<P>(ANSAmed) &#8211; BELGRADO, 15 MAG &#8211; Le prospettive di intensificazione della cooperazione italo-serba nel settore agricolo e della tutela dell&#8217;ambiente sono state al centro di un colloquio che l&#8217;Ambasciatore d&#8217;Italia a Belgrado, Giuseppe<BR>Manzo, ha avuto con il ministro dell&#8217;agricoltura e ambiente Snezana Bogosavljevic-Boskovic.<\/P><br \/>\n<P>Come ha reso noto il ministero serbo in un comunicato, il ministro ha ribadito che l&#8217;Italia e&#8217; tra i maggiori partner commerciali della Serbia, sottolineando che l&#8217;interscambio di prodotti agricoli e alimentari e&#8217; ammontato a 108 milioni di dollari nella prima meta&#8217; del 2013.<\/P><br \/>\n<P>Nell&#8217;incontro e&#8217; stata ribadita l&#8217;importanza del sostegno italiano nella realizzazione dei progetti Ipa &#8211; twinning project e progetti relative alla tutela dell&#8217;ambiente, ed e&#8217; stato ricordato fra l&#8217;altro il memorandum d&#8217;intesa firmato a febbraio dal gruppo Ferrero con il governo serbo su un prossimo investimento in Serbia.<\/P><br \/>\n<P>Il ministro Bogosavljevic-Boskovic e l&#8217;Ambasciatore Manzo hanno parlato inoltre della prossima Fiera dell&#8217;agricoltura di Novi Sad (20-26 maggio), alla quale l&#8217;Italia partecipera&#8217; con un proprio padiglione che verra&#8217; inaugurato alla presenza del ministro e del&#8217;Ambasciatore, e della partecipazione serba all&#8217;Expo Milano 2015 sui temi dello sviluppo sostenibile e dell&#8217;alimentazione. (ANSAmed)<BR><\/P><br \/>\n<P><U><EM>Comunicato del Ministero dell\u2019Agricoltura e della Tutela dell\u2019Ambiente serbo:<\/EM><\/U><\/P><br \/>\n<P><STRONG>L\u2019Ambasciatore d\u2019Italia, S.E. Giuseppe Manzo, in visita al Ministro Snezana Bogosavljevic Boskovic<\/STRONG><\/P><br \/>\n<P>Il ministro dell\u2019Agricoltura e Ambiente, Prof. Dr Snezana Bogosavljevic Boskovic, ha incontrato oggi 14 maggio l\u2019Ambasciatore d\u2019Italia S.E. Giuseppe Manzo, presso la sede del Ministero. <BR><BR>Il Ministro Bogosavljevic Boskovic ha ribadito che l\u2019Italia \u00e8 uno dei pi\u00f9 importanti partner di commercio estero della Serbia. Lo scambio commerciale dei prodotti agricoli ed alimentari tra la Serbia e l\u2019Italia nella prima met\u00e0 dell\u2019anno scorso ammontava a 108 milioni di USD. <BR><BR>Durante l\u2019incontro si \u00e8 parlato dei memorandum e protocolli firmati, dei progetti avviati che riguardano il settore agricolo e quello dell\u2019ambiente tra i due Paesi, ma anche dell\u2019approfondimento della cooperazione nei settori. E\u2019 stata ribadita l\u2019importanza del sostegno della parte italiana nella realizzazione dei progetti IPA \u2013 twinning project e progetti relativi alla tutela dell\u2019ambiente. <BR><BR>In passato, le imprese italiane investivano nel settore agricolo in Serbia. Una delle principali imprese internazionali nell\u2019industria dolciaria Ferrero ha firmato a febbraio il Memorandum d\u2019Intesa con il Governo serbo, con l\u2019intenzione di realizzare un suo investimento in Serbia. <BR><BR>Il Ministro Bogosavljevic Boskovic e l\u2019Ambasciatore Manzo hanno convenuto sulla necessit\u00e0 di intensificare la cooperazione nel settore agricolo e quello della tutela dell\u2019ambiente, essendo ci\u00f2 nel comune interesse.<BR><\/P><\/p>\n","protected":false},"excerpt":{"rendered":"Agenzia NOVA: Serbia-Italia: incontro fra ministro Agricoltura Boskovic e ambasciatore Manzo\u00a0Belgrado, 15 mag &#8211; (Nova) &#8211; Il ministro dell&#8217;Agricoltura serbo, Snezana Bogosavljevic Boskovic, ha incontrato ieri l&#8217;ambasciatore d&#8217;Italia a Belgrado, Giuseppe Manzo, presso la sede del dicastero serbo. Secondo quanto riporta una nota ministeriale, la Boskovic ha ricordato che l&#8217;Italia \u00e8 uno dei pi\u00f9 importanti [&hellip;]","protected":false},"author":1,"featured_media":0,"comment_status":"","ping_status":"","sticky":false,"template":"","format":"standard","meta":{"footnotes":""},"tags":[],"class_list":["post-7987","post","type-post","status-publish","format-standard","hentry"],"_links":{"self":[{"href":"https:\/\/ambbelgrado.esteri.it\/it\/wp-json\/wp\/v2\/posts\/7987","targetHints":{"allow":["GET"]}}],"collection":[{"href":"https:\/\/ambbelgrado.esteri.it\/it\/wp-json\/wp\/v2\/posts"}],"about":[{"href":"https:\/\/ambbelgrado.esteri.it\/it\/wp-json\/wp\/v2\/types\/post"}],"author":[{"embeddable":true,"href":"https:\/\/ambbelgrado.esteri.it\/it\/wp-json\/wp\/v2\/users\/1"}],"replies":[{"embeddable":true,"href":"https:\/\/ambbelgrado.esteri.it\/it\/wp-json\/wp\/v2\/comments?post=7987"}],"version-history":[{"count":0,"href":"https:\/\/ambbelgrado.esteri.it\/it\/wp-json\/wp\/v2\/posts\/7987\/revisions"}],"wp:attachment":[{"href":"https:\/\/ambbelgrado.esteri.it\/it\/wp-json\/wp\/v2\/media?parent=7987"}],"wp:term":[{"taxonomy":"post_tag","embeddable":true,"href":"https:\/\/ambbelgrado.esteri.it\/it\/wp-json\/wp\/v2\/tags?post=7987"}],"curies":[{"name":"wp","href":"https:\/\/api.w.org\/{rel}","templated":true}]}}