{"id":7963,"date":"2014-05-22T13:06:57","date_gmt":"2014-05-22T11:06:57","guid":{"rendered":"https:\/\/ambbelgrado.esteri.it\/news\/dall_ambasciata\/2014\/05\/conferenza-donatori-2\/"},"modified":"2014-05-22T13:06:57","modified_gmt":"2014-05-22T11:06:57","slug":"conferenza-donatori-2","status":"publish","type":"post","link":"https:\/\/ambbelgrado.esteri.it\/it\/news\/dall_ambasciata\/2014\/05\/conferenza-donatori-2\/","title":{"rendered":"CONFERENZA INTERNAZIONALE DONATORI: Ambasciatore Manzo su impegno Italia per aiuti Interventi su tre livelli: Ue, solidarieta&#8217;, ricostruzione"},"content":{"rendered":"<p><P><IMG style=\"WIDTH: 267px; HEIGHT: 181px\" border=\"0\" alt=\"foto Tanjug: Conferenza donatori 22.05.2014\" src=\"\/resource\/2014\/05\/sitoTanjugtavoloConf22514.jpg\" width=\"268\" height=\"195\"><\/P><P><IMG style=\"WIDTH: 267px; HEIGHT: 155px\" border=\"0\" alt=\"foto Tanjug: Ambasciatore Manzo dichiarazione alla Conferenza donatori\" src=\"\/resource\/2014\/05\/sitoTanjugManzoConfDonatori22514.jpg\" width=\"281\" height=\"252\"><\/P><br \/>\n<P>Serbia: inondazioni, Ambasciatore Manzo su impegno Italia per aiuti Interventi su tre livelli: Ue, solidarieta&#8217;, ricostruzione <\/P><br \/>\n<P>(<STRONG>ANSA<\/STRONG>) &#8211; BELGRADO, 22 MAG &#8211; <STRONG><EM>L&#8217;impegno dell&#8217;Italia nella nuova fase di aiuti umanitari alle popolazioni della Serbia colpite dalle disastrose inondazioni<\/EM><\/STRONG> dei giorni scorsi e&#8217; stato illustrato dall&#8217;Ambasciatore italiano a Belgrado, <STRONG>Giuseppe Manzo<\/STRONG>, che ha partecipato a una prima conferenza\u00a0dei donatori oggi nella capitale serba. Parlando ai giornalisti al termine della riunione, che e&#8217; stata presieduta dal premier serbo Aleksandar Vucic, l&#8217;Ambasciatore ha precisato che il ruolo dell&#8217;Italia in questa fase di assistenza umanitaria alle popolazioni alluvionate si articolera&#8217; principalmente lungo tre canali:<BR>1. &#8211; <STRONG>L&#8217;Italia nella UE<\/STRONG>. La prossima presidenza italiana assicurera&#8217; che l&#8217;attivazione e l&#8217;utilizzo dei fondi europei dedicati all&#8217;emergenza siano garantiti con tempestivita&#8217; e con risorse adeguate alle effettive esigenze <BR>2. &#8211; <STRONG>La solidarieta&#8217; italiana in Serbia<\/STRONG>. Dopo i primissimi interventi di soccorso &#8211; con la donazione da parte della Cooperazione italiana di 200.000 euro alla Croce Rossa serba e la messa a disposizione di generatori e gommoni &#8211; mobilitando le imprese italiane presenti in Serbia sono state ad oggi raccolte donazioni in denaro per oltre 400.000 euro. Ulteriori aiuti sono attesi anche nei prossimi giorni. <BR>3. &#8211; <STRONG>Il sistema economico italiano<\/STRONG> (per la successiva fase della ricostruzione). L&#8217;Italia, primo investitore straniero e primo partner commerciale della Serbia, con le sue numerose imprese presenti nel Paese balcanico, e&#8217; lo stato che piu&#8217; di ogni altro e&#8217; proiettato verso il &#8220;day after&#8221; della ricostruzione. <\/P><br \/>\n<P>\u00a0<\/P><br \/>\n<P><STRONG><U>Serbia-Italia: ambasciatore Manzo a conferenza donatori, assistenza umanitaria italiana attraverso tre canali principali<\/U><\/STRONG><\/P><br \/>\n<P>Belgrado, 22 mag 15:21 &#8211; <STRONG>(Agenzia Nova) &#8211;<\/STRONG> L\u2019aiuto dell\u2019Italia alla Serbia si articoler\u00e0 principalmente attraverso tre canali in questa fase di assistenza umanitaria. Lo ha dichiarato l\u2019ambasciatore a Belgrado <STRONG>Giuseppe Manzo<\/STRONG>, al termine della conferenza dei donatori che si \u00e8 tenuta a Palazzo Serbia a Belgrado. <EM><STRONG>Il primo punto sottolineato da Manzo \u00e8 il ruolo che assumer\u00e0 l\u2019Italia all\u2019interno dell\u2019Unione europea, quando Roma avr\u00e0 la presidenza di turno il primo luglio. La prossima presidenza Ue italiana, ha detto Manzo, assicurer\u00e0 che l\u2019attivazione e l\u2019utilizzo dei fondi europei dedicati all\u2019emergenza, tra cui il Fondo europeo di solidariet\u00e0 e i fondi Ipa di pre-adesione, siano garantiti con tempestivit\u00e0 e con risorse adeguate alle effettive esigenze<\/STRONG>.<\/EM><\/P><br \/>\n<P>Al momento le cifre degli aiuti europei sono in corso di valutazione secondo quanto prevedono le regole comunitarie. Il secondo canale, secondo l\u2019ambasciatore italiano a Belgrado, \u00e8 quello della solidariet\u00e0 italiana in Serbia. Oltre ai primissimi interventi di soccorso che hanno previsto fra le altre cose una donazione della Cooperazione italiana di 200 mila euro alla Croce Rossa serba, e la messa a disposizione di generatori e gommoni, sono state fino ad oggi raccolte donazioni in denaro per oltre 400.000 euro mobilitando le imprese italiane qui presenti.<\/P><br \/>\n<P>Questo denaro si somma alle tante donazioni in natura come generi alimentari di prima necessit\u00e0, kit igienico-sanitari, medicinali e altro ancora, che stanno arrivando in Serbia. Ulteriori aiuti sono attesi anche nei prossimi giorni. Il terzo canale \u00e8 il sistema economico italiano per la successiva fase della ricostruzione. L\u2019Italia, ha sottolineato Manzo, \u00e8 il primo investitore straniero e primo partner commerciale, e con le sue numerose imprese qui presenti \u00e8 il paese pi\u00f9 di ogni altro proiettato verso il \u201cday after\u201d della ricostruzione. <BR><\/P><\/p>\n","protected":false},"excerpt":{"rendered":"Serbia: inondazioni, Ambasciatore Manzo su impegno Italia per aiuti Interventi su tre livelli: Ue, solidarieta&#8217;, ricostruzione (ANSA) &#8211; BELGRADO, 22 MAG &#8211; L&#8217;impegno dell&#8217;Italia nella nuova fase di aiuti umanitari alle popolazioni della Serbia colpite dalle disastrose inondazioni dei giorni scorsi e&#8217; stato illustrato dall&#8217;Ambasciatore italiano a Belgrado, Giuseppe Manzo, che ha partecipato a una [&hellip;]","protected":false},"author":1,"featured_media":0,"comment_status":"","ping_status":"","sticky":false,"template":"","format":"standard","meta":{"footnotes":""},"tags":[],"class_list":["post-7963","post","type-post","status-publish","format-standard","hentry"],"_links":{"self":[{"href":"https:\/\/ambbelgrado.esteri.it\/it\/wp-json\/wp\/v2\/posts\/7963","targetHints":{"allow":["GET"]}}],"collection":[{"href":"https:\/\/ambbelgrado.esteri.it\/it\/wp-json\/wp\/v2\/posts"}],"about":[{"href":"https:\/\/ambbelgrado.esteri.it\/it\/wp-json\/wp\/v2\/types\/post"}],"author":[{"embeddable":true,"href":"https:\/\/ambbelgrado.esteri.it\/it\/wp-json\/wp\/v2\/users\/1"}],"replies":[{"embeddable":true,"href":"https:\/\/ambbelgrado.esteri.it\/it\/wp-json\/wp\/v2\/comments?post=7963"}],"version-history":[{"count":0,"href":"https:\/\/ambbelgrado.esteri.it\/it\/wp-json\/wp\/v2\/posts\/7963\/revisions"}],"wp:attachment":[{"href":"https:\/\/ambbelgrado.esteri.it\/it\/wp-json\/wp\/v2\/media?parent=7963"}],"wp:term":[{"taxonomy":"post_tag","embeddable":true,"href":"https:\/\/ambbelgrado.esteri.it\/it\/wp-json\/wp\/v2\/tags?post=7963"}],"curies":[{"name":"wp","href":"https:\/\/api.w.org\/{rel}","templated":true}]}}