{"id":7957,"date":"2014-05-23T11:12:32","date_gmt":"2014-05-23T09:12:32","guid":{"rendered":"https:\/\/ambbelgrado.esteri.it\/news\/dall_ambasciata\/2014\/05\/fiera-novi-sad\/"},"modified":"2014-05-23T11:12:32","modified_gmt":"2014-05-23T09:12:32","slug":"fiera-novi-sad","status":"publish","type":"post","link":"https:\/\/ambbelgrado.esteri.it\/it\/news\/dall_ambasciata\/2014\/05\/fiera-novi-sad\/","title":{"rendered":"Ambasciatore Manzo alla Fiera dell&#8217;Agricoltura di Novi Sad: Sosteniamo l&#8217;economia serba"},"content":{"rendered":"<p><P><IMG style=\"HEIGHT: 211px; WIDTH: 279px\" border=\"0\" alt=\"Ambasciatore Manzo alla Fiera di Novi Sad\" src=\"\/resource\/2014\/05\/FieraNSsito0122515.jpg\" width=\"279\" height=\"224\"><\/P><P><EM><STRONG>L&#8217; aiuto dell\u2019Italia non finira\u2019 con ci\u00f2 che il Governo italiano ha fatto fino a questo momento ma continuer\u00e0 ad essere inviato nelle zone colpite dalle alluvioni, ha detto alla Fiera dell\u2019Agricoltura a Novi Sad l\u2019 Ambasciatore d&#8217;Italia in Serbia Giuseppe Manzo.<\/STRONG><\/EM><\/P><br \/>\n<P>Dopo avere partecipato alla conferenza dei donatori a Belgrado, l\u2019Ambasciatore italiano a Belgrado Giuseppe Manzo e\u2019 arrivato alla Fiera dell\u2019Agricoltura a Novi Sad presso il padiglione dove partecipano una ventina di aziende italiane, e in una dichiarazione esclusiva al telegiornale della Radio Televisone Vojvodina Manzo ha detto:<BR><BR>\u00a0\u00a0 \u201cL&#8217;Italia come partner economico pi\u00f9 importante della Serbia vuole inviare un messaggio da Novi Sad proprio nel momento in cui l&#8217;attivit\u00e0 imprenditoriale \u00e8 pi\u00f9 che mai necessaria. La Serbia \u00e8 aperta alla collaborazione commerciale e sia le aziende italiane che quelle di tutta l&#8217;Unione europea dovrebbero sostenere l&#8217;economia del vostro paese con investimenti e con l&#8217;avvio di nuovi progetti. Chi ha paura che l&#8217;attivit\u00e0 economica e\u2019 ferma deve venire alla Fiera dell\u2019agricoltura di Novi Sad e convincersi del contrario. Lo confermano anche gli imprenditori italiani che partecipano alla manifestazione&#8221;, ha detto l&#8217;ambasciatore Manzo.<BR>\u00a0\u00a0 <BR>L\u2019Italia e\u2019 stata tra i primi ad inviare aiuti in gommoni e generatori e il Governo italiano ha versato duecentomila euro alle persone colpite da inondazioni. Inoltre gli imprenditori italiani che operano in Serbia hanno raccolto un\u2019ulteriore somma di quattrocentomila euro. Nelle attivit\u00e0 umanitarie ha partecipato anche il personale dell&#8217;Ambasciata italiana.<\/P><br \/>\n<P><EM><STRONG>(lancio Radio Televisone Vojvodina, 22.05.2014<\/STRONG><\/EM>)<BR><BR>&#8211;<BR><BR><STRONG><U>Nocciole serbe nella Nutella italiana<\/U> <\/STRONG><BR><BR>Non appena la Serbia e\u2019 stata colpita dal disastroso alluvione, l&#8217;Italia ha inviato gli aiuti nel valore di 200.000 euro, cos\u00ec come generatori e gommoni, e gli imprenditori italiani che operano in Serbia, continuano a far vedere la loro umanit\u00e0.<\/P><br \/>\n<P>&#8211; Oltre all\u2019aiuto del Governo del nostro paese, gli imprenditori italiani che operano in Serbia hanno raccolto 400.000 euro, ed in aggiunta hanno donato farmaci, abbigliamento, letti &#8211; ha detto l&#8217;ambasciatore italiano <STRONG>Giuseppe Manzo<\/STRONG>, visitando l\u2019 81\/a edizione della Fiera dell\u2019agricoltura internazionale, dove nel Padiglione 11 partecipano insieme gli espositori italiani.<\/P><br \/>\n<P>Nel padiglione italiano si sono presentate 20 aziende attive nella produzione delle seguenti tecnologie: attrezzature per l&#8217;essiccazione e silos, impianti di irrigazione, coltivatori di alberi da frutta, alberi per i parchi e le aree urbane, cos\u00ec come gli imprenditori che si occupano di allevamento di pollame, bestiame e sistemi di irrigazione. L\u2019Ambasciatore Manzo e\u2019 soddisfatto del modo in cui si sono presentate alla Fiera le societ\u00e0 italiane.<\/P><br \/>\n<P>&#8211; <EM>E\u2019 presente un gran numero di aziende italiane, che si sono presentate seriamente. Non c\u2019e nessun settore agricolo che non \u00e8 rappresentato e nel quale non si possa realizzare la cooperazione tra Italia e Serbia. Soprattutto quando si tratta di meccanizzazione agricola e macchinari agro- alimentari. \u00c8 importante anche il settore di allevamento, ed \u00e8 importante segnare che i nostri due paesi hanno firmato l\u2019accordo di collaborazione e che noi importiamo nocciole dalla Serbia per produrre la famosa &#8221; Nutella &#8220;<\/EM> &#8211; ha detto l&#8217;ambasciatore italiano Giuseppe Manzo.<BR><BR><STRONG><EM>(lancio Ufficio Stampa della Fiera di Novi Sad, 22.05.2014)<\/EM><\/STRONG><\/P><br \/>\n<P>\u00a0<\/P><\/p>\n","protected":false},"excerpt":{"rendered":"L&#8217; aiuto dell\u2019Italia non finira\u2019 con ci\u00f2 che il Governo italiano ha fatto fino a questo momento ma continuer\u00e0 ad essere inviato nelle zone colpite dalle alluvioni, ha detto alla Fiera dell\u2019Agricoltura a Novi Sad l\u2019 Ambasciatore d&#8217;Italia in Serbia Giuseppe Manzo. Dopo avere partecipato alla conferenza dei donatori a Belgrado, l\u2019Ambasciatore italiano a Belgrado [&hellip;]","protected":false},"author":1,"featured_media":0,"comment_status":"","ping_status":"","sticky":false,"template":"","format":"standard","meta":{"footnotes":""},"tags":[],"class_list":["post-7957","post","type-post","status-publish","format-standard","hentry"],"_links":{"self":[{"href":"https:\/\/ambbelgrado.esteri.it\/it\/wp-json\/wp\/v2\/posts\/7957","targetHints":{"allow":["GET"]}}],"collection":[{"href":"https:\/\/ambbelgrado.esteri.it\/it\/wp-json\/wp\/v2\/posts"}],"about":[{"href":"https:\/\/ambbelgrado.esteri.it\/it\/wp-json\/wp\/v2\/types\/post"}],"author":[{"embeddable":true,"href":"https:\/\/ambbelgrado.esteri.it\/it\/wp-json\/wp\/v2\/users\/1"}],"replies":[{"embeddable":true,"href":"https:\/\/ambbelgrado.esteri.it\/it\/wp-json\/wp\/v2\/comments?post=7957"}],"version-history":[{"count":0,"href":"https:\/\/ambbelgrado.esteri.it\/it\/wp-json\/wp\/v2\/posts\/7957\/revisions"}],"wp:attachment":[{"href":"https:\/\/ambbelgrado.esteri.it\/it\/wp-json\/wp\/v2\/media?parent=7957"}],"wp:term":[{"taxonomy":"post_tag","embeddable":true,"href":"https:\/\/ambbelgrado.esteri.it\/it\/wp-json\/wp\/v2\/tags?post=7957"}],"curies":[{"name":"wp","href":"https:\/\/api.w.org\/{rel}","templated":true}]}}