{"id":7854,"date":"2014-07-01T11:09:42","date_gmt":"2014-07-01T09:09:42","guid":{"rendered":"https:\/\/ambbelgrado.esteri.it\/news\/dall_ambasciata\/2014\/07\/intervista-rts\/"},"modified":"2014-07-01T11:09:42","modified_gmt":"2014-07-01T09:09:42","slug":"intervista-rts","status":"publish","type":"post","link":"https:\/\/ambbelgrado.esteri.it\/it\/news\/dall_ambasciata\/2014\/07\/intervista-rts\/","title":{"rendered":"Intervista dell&#8217;Ambasciatore Manzo per la TV nazionale RTS,\u00a0Balcani priorit\u00e0 della Presidenza Italiana"},"content":{"rendered":"<p><P><U><EM>Radio Televisione Serba<\/EM><\/U>:<BR><BR><STRONG>L\u2019Italia e\u2019 dal primo luglio Presidenza di turno dell\u2019UE. Le priorit\u00e0 per Roma saranno la crescita economica, l\u2019occupazione e l\u2019allargamento dell\u2019Unione europea. Tra le priorit\u00e0 della Presidenza italiana ci sar\u00e0 anche l\u2019avvicinamento della Serbia e dei Balcani all\u2019UE.<BR><\/STRONG><BR><STRONG>L\u2019Ambasciatore d\u2019Italia Giuseppe Manzo<\/STRONG> ha dichiarato per la tv nazionale RTS che la Presidenza italiana di turno del Consiglio dell\u2019Unione Europea \u00e8 importante per la Serbia, dato che proprio la Serbia ed i Balcani saranno in cima alle priorita\u2019 del Semestre italiano.<BR><BR>\u201cDurante il nostro semestre di Presidenza avvicineremo la Serbia all\u2019Unione Europea, per far vedere che l\u2019UE non \u00e8 un sogno o un incubo, ma qualcosa di realistico, qualcosa che porta benefici a lungo termine\u201d, ribadisce Manzo.<BR><BR>L\u2019Ambasciatore Manzo ha anche aggiunto che l\u2019Unione Europea appoggerebbe il percorso europeo della Serbia a prescindere da chi la presiede.<BR><BR>\u201cIl fatto che il Presidente della Commissione europea Barroso, prima di lasciare il suo incarico a Bruxelles, si \u00e8 recato in visita a Belgrado, conferma che l\u2019UE, a prescindere da chi sar\u00e0 il suo successore, sosterr\u00e0 il cammino europeo della Serbia\u201d, ha dichiarato Manzo.<BR><BR>Manzo ha aggiunto che <STRONG>l\u2019Ambasciata d\u2019Italia aprir\u00e0 le sue porte ai cittadini serbi con un evento pubblico il prossimo 11 luglio<\/STRONG>, dandogli la possibilit\u00e0 di visitarla e sentire che cosa l\u2019Europa pu\u00f2 fare per loro.<\/P><P>&#8211;<\/P><br \/>\n<P><EM><U>Agenzia NOVA<\/U><\/EM>:<BR><BR><STRONG>Serbia-Italia: ambasciatore Manzo, Balcani sono fra priorit\u00e0 della presidenza italiana Ue<BR>\u00a0<BR><\/STRONG>Belgrado, 01 lug &#8211; (Nova) &#8211; La presidenza italiana di turno dell&#8217;Unione europea si concentrer\u00e0 sulle tematiche della crescita economica, dell&#8217;occupazione e dell&#8217;Allargamento. E&#8217; quanto precisato dall&#8217;ambasciatore d&#8217;Italia a Belgrado, Giuseppe Manzo, nel corso di un&#8217;intervista concessa all&#8217;emittente radiotelevisiva serba &#8220;RTS&#8221;. Fra le priorit\u00e0 ha proseguito Manzo, vi\u00a0\u00e8 l&#8217;avvicinamento della Serbia e dei Balcani all&#8217;Unione europea. &#8220;Nel corso della nostra presidenza &#8211; ha osservato l&#8217;ambasciatore &#8211; avvicineremo l&#8217;Unione alla Serbia, per dimostrare che l&#8217;Ue non\u00a0\u00e8 un sogno o un incubo, ma qualcosa di reale di cui la gente far\u00e0 uso nel lungo periodo&#8221;. Uno stralcio dell&#8217;intervista\u00a0\u00e8 andato in onda nella serata di ieri, mentre la versione integrale sar\u00e0 trasmessa domani.\u00a0<BR><BR>Secondo quanto riporta il sito dell&#8217;emittente televisiva, Manzo ha aggiunto che l&#8217;Ue\u00a0\u00e8 pronta a sostenere la Serbia nel suo cammino europeo, al di l\u00e0 di quale stato in quel momento la presieda. &#8220;Il fatto che Barroso (presidente della Commissione europea, ndr) sia venuto qui prima di lasciare le sue funzioni, conferma che l&#8217;Unione europea, al di l\u00e0&#8217; di chi verr\u00e0 al suo posto, sosterr\u00e0 il cammino europeo della Serbia&#8221;. Manzo ha infine reso noto che l&#8217;11 luglio l&#8217;ambasciata d&#8217;Italia aprir\u00e0 le porte ai cittadini serbi, che potranno entrare e vedere cosa l&#8217;Europa pu\u00f2 fare per loro.\u00a0\u00a0<\/P><br \/>\n<P>&#8211;<\/P><br \/>\n<P><A id=\"Video dell'intervista\" href=\"http:\/\/www.youtube.com\/watch?v=GHdkQ757Z6k\" name=\"Video dell'intervista\"><STRONG>Video dell&#8217;intervista<\/STRONG><\/A> <\/P><br \/>\n<P>&#8211;<\/P><br \/>\n<P>Notizie correlate: <A id=\"B92\" href=\"http:\/\/www.b92.net\/info\/vesti\/index.php?yyyy=2014&#038;mm=07&#038;dd=01&#038;nav_category=1262&#038;nav_id=870676\" name=\"B92\"><STRONG>B92<\/STRONG><\/A> <\/P><\/p>\n","protected":false},"excerpt":{"rendered":"Radio Televisione Serba:L\u2019Italia e\u2019 dal primo luglio Presidenza di turno dell\u2019UE. Le priorit\u00e0 per Roma saranno la crescita economica, l\u2019occupazione e l\u2019allargamento dell\u2019Unione europea. Tra le priorit\u00e0 della Presidenza italiana ci sar\u00e0 anche l\u2019avvicinamento della Serbia e dei Balcani all\u2019UE.L\u2019Ambasciatore d\u2019Italia Giuseppe Manzo ha dichiarato per la tv nazionale RTS che la Presidenza italiana di [&hellip;]","protected":false},"author":1,"featured_media":0,"comment_status":"","ping_status":"","sticky":false,"template":"","format":"standard","meta":{"footnotes":""},"tags":[],"class_list":["post-7854","post","type-post","status-publish","format-standard","hentry"],"_links":{"self":[{"href":"https:\/\/ambbelgrado.esteri.it\/it\/wp-json\/wp\/v2\/posts\/7854","targetHints":{"allow":["GET"]}}],"collection":[{"href":"https:\/\/ambbelgrado.esteri.it\/it\/wp-json\/wp\/v2\/posts"}],"about":[{"href":"https:\/\/ambbelgrado.esteri.it\/it\/wp-json\/wp\/v2\/types\/post"}],"author":[{"embeddable":true,"href":"https:\/\/ambbelgrado.esteri.it\/it\/wp-json\/wp\/v2\/users\/1"}],"replies":[{"embeddable":true,"href":"https:\/\/ambbelgrado.esteri.it\/it\/wp-json\/wp\/v2\/comments?post=7854"}],"version-history":[{"count":0,"href":"https:\/\/ambbelgrado.esteri.it\/it\/wp-json\/wp\/v2\/posts\/7854\/revisions"}],"wp:attachment":[{"href":"https:\/\/ambbelgrado.esteri.it\/it\/wp-json\/wp\/v2\/media?parent=7854"}],"wp:term":[{"taxonomy":"post_tag","embeddable":true,"href":"https:\/\/ambbelgrado.esteri.it\/it\/wp-json\/wp\/v2\/tags?post=7854"}],"curies":[{"name":"wp","href":"https:\/\/api.w.org\/{rel}","templated":true}]}}