{"id":7777,"date":"2014-08-01T13:47:42","date_gmt":"2014-08-01T11:47:42","guid":{"rendered":"https:\/\/ambbelgrado.esteri.it\/news\/dall_ambasciata\/2014\/08\/intervista-tanjug-agosto-2014\/"},"modified":"2014-08-01T13:47:42","modified_gmt":"2014-08-01T11:47:42","slug":"intervista-tanjug-agosto-2014","status":"publish","type":"post","link":"https:\/\/ambbelgrado.esteri.it\/it\/news\/dall_ambasciata\/2014\/08\/intervista-tanjug-agosto-2014\/","title":{"rendered":"Ambasciatore Manzo, la cosa pi\u00f9 importante \u00e8 coscienza che le riforme non hanno un\u2019alternativa \u00a0"},"content":{"rendered":"<p><P><STRONG><BR>Intervista dell&#8217;Ambasciatore Giuseppe Manzo per l&#8217;agenzia Tanjug<\/STRONG>:<\/P><br \/>\n<P>BELGRADO \u2013 L\u2019Ambasciatore d\u2019Italia in Serbia Giuseppe Manzo ha valutato che una della cose pi\u00f9 importanti che il Governo serbo ha dimostrato da quando \u00e8 stato costituito\u00a0 \u00e8 &#8211; la coscienza che il prosieguo delle riforme necessarie senza rinvio non ha un\u2019alternativa.<\/P><br \/>\n<P>\u201eE\u2019 importante adottare le leggi prima della scadenza dei primi cento giorni\u201c, ha dichiarato Manzo alla Tanjug, congratulandosi con il Governo per i suoi primi 100 giorni di lavoro, convinto che il Governo sar\u00e0 altrettanto produttivo anche nei prossimi giorni.<\/P><br \/>\n<P>Manzo ha notato che la realizzazione del programma delle riforme annunciate dal Premier Aleksandar Vucic tre mesi fa in Parlamento rappresenta un obiettivo ambizioso anche senza le alluvioni tragiche del maggio scorso, ma che il Governo, a prescindere da ci\u00f2, ha dimostrato un alto livello di dedizione.<BR>\u201cQuesta forte convinzione sar\u00e0 necessaria quando il Governo ed il Paese dovranno affrontare una nuova fase dell\u2019applicazione delle riforme. A quel punto il Governo avr\u00e0 bisogno del sostegno dell\u2019Europa in tutti i modi e gli strumenti possibili che saranno a disposizione di un Paese candidato\u201d, ha dichiarato l\u2018Ambasciatore italiano.<\/P><br \/>\n<P>Manzo indica che anche il presente della Serbia \u00e8 europeo illustrandolo con il fatto ce il 60% delle esportazioni\/importazioni serbe vengono realizzate con l\u2019UE e che l\u2019Europa \u00e8 il primo investitore e donatore della Serbia.<BR>\u201cMolti serbi vedono l\u2019Europa come una realt\u00e0 vera e gi\u00e0 esistente: chiedete i 1.450 studenti serbi che finora hanno sentito i vantaggi del programma Erasmus Mundus\u201d, ha detto Manzo.<\/P><br \/>\n<P>Secondo lui, la Serbia e l\u2019UE condividono le stesse priorit\u00e0: crescita economica e occupazione.<BR>\u201cE\u2019 positivo che il vostro Governo in questi primi cento giorni sta dimostrando cos\u00ec tanto impegno. Mi riferisco alle riforme del mercato di lavoro, cosa che aiuter\u00e0 la ripresa economica, il miglioramento del clima d\u2019affari e gli sforzi mirati a rendere l\u2019economia serba pi\u00f9 trasparente, pi\u00f9 competitiva e pi\u00f9 attrattiva per i nuovi investimenti\u201d, afferma Manzo.<\/P><br \/>\n<P>Inoltre, la Serbia pu\u00f2 contare lungo quella strada sul forte sostegno della Presidenza italiana, sottolinea Manzo.<BR>\u201cVogliamo aiutare la Serbia a realizzare nei prossimi mesi risultati concreti nel processo di integrazione europea, con l\u2019apertura dei primi paragrafi negoziali\u201d, ribadisce l\u2019Ambasciatore d\u2019Italia, aggiungendo che ci\u00f2 \u00e8 stato confermato durante la recente visita del Ministro degli Esteri Federica Mogherini.<\/P><br \/>\n<P>Domandato a rispondere quali saranno le maggiori sfide per la Serbia nei prossimi mesi, Manzo sottolinea l\u2019importanza di tre priorit\u00e0: <BR>\u201cEconomia, economia ed economia\u201d.<\/P><br \/>\n<P>Inoltre, lui ritiene che una delle maggiori sfide sar\u00e0 applicare le riforme ambiziose dato che non c\u2019\u00e8 molto tempo per far riprendere l\u2019economia.<BR>\u201cRitengo personalmente che la chiave sta nella privatizzazione: ci\u00f2 avr\u00e0 un impatto sul bilancio, sar\u00e0 un modo per attirare investimenti esteri, e la cosa pi\u00f9 importante, trasformando l\u2019industria non-produttiva, che sta nelle mani statali, nelle imprese gestite in un certo modo aiuter\u00e0 nel realizzare l\u2019obiettivo pi\u00f9 importante del Premier Vucic\u201d, ha concluso Manzo.<\/P><br \/>\n<P><BR>\u00a0<\/P><\/p>\n","protected":false},"excerpt":{"rendered":"Intervista dell&#8217;Ambasciatore Giuseppe Manzo per l&#8217;agenzia Tanjug: BELGRADO \u2013 L\u2019Ambasciatore d\u2019Italia in Serbia Giuseppe Manzo ha valutato che una della cose pi\u00f9 importanti che il Governo serbo ha dimostrato da quando \u00e8 stato costituito\u00a0 \u00e8 &#8211; la coscienza che il prosieguo delle riforme necessarie senza rinvio non ha un\u2019alternativa. \u201eE\u2019 importante adottare le leggi prima [&hellip;]","protected":false},"author":1,"featured_media":0,"comment_status":"","ping_status":"","sticky":false,"template":"","format":"standard","meta":{"footnotes":""},"tags":[],"class_list":["post-7777","post","type-post","status-publish","format-standard","hentry"],"_links":{"self":[{"href":"https:\/\/ambbelgrado.esteri.it\/it\/wp-json\/wp\/v2\/posts\/7777","targetHints":{"allow":["GET"]}}],"collection":[{"href":"https:\/\/ambbelgrado.esteri.it\/it\/wp-json\/wp\/v2\/posts"}],"about":[{"href":"https:\/\/ambbelgrado.esteri.it\/it\/wp-json\/wp\/v2\/types\/post"}],"author":[{"embeddable":true,"href":"https:\/\/ambbelgrado.esteri.it\/it\/wp-json\/wp\/v2\/users\/1"}],"replies":[{"embeddable":true,"href":"https:\/\/ambbelgrado.esteri.it\/it\/wp-json\/wp\/v2\/comments?post=7777"}],"version-history":[{"count":0,"href":"https:\/\/ambbelgrado.esteri.it\/it\/wp-json\/wp\/v2\/posts\/7777\/revisions"}],"wp:attachment":[{"href":"https:\/\/ambbelgrado.esteri.it\/it\/wp-json\/wp\/v2\/media?parent=7777"}],"wp:term":[{"taxonomy":"post_tag","embeddable":true,"href":"https:\/\/ambbelgrado.esteri.it\/it\/wp-json\/wp\/v2\/tags?post=7777"}],"curies":[{"name":"wp","href":"https:\/\/api.w.org\/{rel}","templated":true}]}}