{"id":7723,"date":"2014-09-09T13:28:01","date_gmt":"2014-09-09T11:28:01","guid":{"rendered":"https:\/\/ambbelgrado.esteri.it\/news\/dall_ambasciata\/2014\/09\/tanjug-manzo-coela-a-belgrado\/"},"modified":"2014-09-09T13:28:01","modified_gmt":"2014-09-09T11:28:01","slug":"tanjug-manzo-coela-a-belgrado","status":"publish","type":"post","link":"https:\/\/ambbelgrado.esteri.it\/it\/news\/dall_ambasciata\/2014\/09\/tanjug-manzo-coela-a-belgrado\/","title":{"rendered":"Ambasciatore Manzo: Il COELA domani per la prima volta a Belgrado"},"content":{"rendered":"<p><P><STRONG>TANJUG, 9 settembre 2014<\/STRONG><BR><BR>Il Gruppo di Lavoro sull\u2019allargamento nel Consiglio UE (Coela) sar\u00e0 domani a Belgrado per una visita di tre giorni, durante la quale i delegati dei Paesi membri dell\u2019Unione Europea incontreranno i rappresentanti delle Istituzioni serbe, tra cui il Governo ed il Parlamento, ha dichiarato oggi per l\u2019agenzia Tanjug l\u2019Ambasciatore d\u2019Italia a Belgrado Giuseppe Manzo.<BR><EM>\u201cPer la prima volta in assoluto, su iniziativa della Presidenza italiana del Consiglio UE, il Gruppo si riunir\u00e0 a Belgrado\u201d, ha dichiarato Manzo.<BR><\/EM><BR>I diplomatici europei, ha affermato l\u2019Ambasciatore, incontreranno il Capo Negoziatore serbo Tanja Miscevic, il capo dell\u2019Ufficio del Governo per il Kosovo Marko Djuric, i Ministri degli Esteri, Interno, Giustizia e Finanze \u2013 Ivica Dacic, Nebojsa Stefanovic, Nikola Selakovic e Dusan Vujovic, ed il Ministro senza portafoglio con delega all\u2019integrazione europea Jadranka Joksimovic.<BR>I membri del Coela incontreranno anche i rappresentanti del Parlamento e delle organizzazioni non-governative, e saranno ricevuti anche dal Presidente serbo Tomislav Nikolic, mentre l\u2019ultimo giorno della visita avranno l\u2019occasione, grazie all\u2019Organizzazione Turistica della Serbia, a visitare alcune localit\u00e0 di Belgrado e Novi Sad, ha precisato Manzo.<BR><BR>Manzo ha spiegato che il Gruppo Coela, presieduto attualmente da una diplomatica italiana, \u00e8 composto da 28 diplomatici di tutti i Paesi membri dell\u2019UE, che si riuniscono regolarmente a Bruxelles per discutere e preparare le decisioni del Consiglio UE in materia di allargamento, comprese quelle relative ai negoziati di adesione tra l\u2019UE e la Serbia ed i connessi capitoli 23, 24, 32 e 35.<BR><BR>L\u2019Ambasciatore Manzo ha ricordato che l\u2019allargamento \u00e8 tra le priorit\u00e0 della Presidenza italiana. \u201cRiteniamo che il posto della Serbia \u00e8 in Europa e vediamo l\u2019integrazione della regione come realizzazione del progetto dei fondatori della Comunit\u00e0 Europa\u201d, ha dichiarato lui, aggiungendo che proprio per quel motivo il Capo della Diplomazia italiana Federica Mogherini, nel primo mese del Semestre di Presidenza italiana, aveva deciso di visitare Belgrado ed altre capitali della regione.<BR><BR>La Mogherini, che nel frattempo \u00e8 stata nominata Alto Rappresentante per la politica estera e di sicurezza comune, al posto di Catherine Ashton, durante la sua recente missione a Belgrado, aveva partecipato ad un dibattito organizzato nel Parlamento serbo il cui moto \u00e8 stato \u201cL\u2019Italia porta l\u2019Europa in Serbia\u201d, ha ricordato il diplomatico italiano.<BR><BR>\u201cCon la visita del Coela continuiamo a portare l\u2019Europa in Serbia, dando alla Serbia un\u2019opportunit\u00e0 unica di rivolgersi direttamente ai rappresentanti di tutti i Paesi membri dell\u2019UE che, insieme con voi, sono coinvolti al processo di adesione della Serbia\u201d, ha dichiarato Manzo.\u00a0\u00a0 <BR><BR>\u201cI membri del Coela, dall\u2019altra parte, avranno l\u2019occasione di conoscere in prima persona i progressi compiuti dalla Serbia lungo quel percorso e di tornare a Bruxelles con un\u2019immagine pi\u00f9 chiara del vostro Paese.\u201d<BR><BR>Manzo ha ricordato che l\u2019UE \u00e8 il maggiore donatore della Serbia, con pi\u00f9 di 2,6 miliardi di euro, che il 60% del commercio estero della Serbia viene fatto con i Paesi UE (16 miliardi all\u2019anno), e che pi\u00f9 di 1.450 studenti serbi stanno usando le borse di studio attraverso il programma Erasmus Mundus, per gli studi universitari nei Paesi UE.<BR><BR>Sottolineando che tra le priorit\u00e0 della Presidenza italiana vi \u00e8 anche l\u2019avvicinamento dell\u2019Europa ai cittadini, Manzo ha sottolineato che iniziative come la visita del Coela contribuiscono a ridurre i divari tra la burocrazia ed i cittadini, anche fuori dei confini dell\u2019UE.<BR>Manzo ha aggiunto che la riunione dei diplomatici europeo con i rappresentanti della societ\u00e0 civile serba, organizzata in collaborazione con la Delegazione UE a Belgrado, offrir\u00e0 un valore aggiunto alla visita.<BR><BR><STRONG>Il sostegno dell\u2019Italia per l\u2019apertura dei negoziati<\/STRONG><BR><BR>L\u2019Italia, che presiede l\u2019UE, \u00e8 pronta ad impegnarsi affinch\u00e9 la Serbia possa aprire i capitoli negoziali entro fine anno, ma ci\u00f2 dipende soprattutto dalla Serbia stessa, ha dichiarato Manzo per la Tanjug.<BR><BR>\u201cL\u2019Italia ritiene che i Paesi candidati vanno incoraggiati nel compiere le riforme interne e che l\u2019UE deve dimostrare la credibilit\u00e0 e la chiara dedizione al processo di allargamento per motivare i Paesi candidati\u201d, ha affermato Manzo.<BR><BR>L\u2019apertura dei capitoli negoziali entro l\u2019anno servirebbe, secondo lui, ad entrambi gli obiettivi.<BR><BR>\u201cL\u2019agenda ufficiale della Presidenza lo rende possibile dal punto di vista tecnico e la Presidenza italiana e pronta ad impegnarsi affinch\u00e9 ci\u00f2 succeda. Naturalmente, questo dipende soprattutto da voi e dalla vostra capacit\u00e0 di continuare a produrre risultati con la stessa determinazione che avete dimostrato finora\u201d, ha detto l\u2019Ambasciatore Manzo.<BR><BR>Manzo si \u00e8 detto fiducioso che la Serbia sapr\u00e0 dimostrare la stessa determinazione durante i prossimi tre giorni di visita del Gruppo di Lavoro sull\u2019allargamento del Consiglio UE (Coela).<BR><BR>Facendo riferimento alla nomina del Ministro degli Esteri Federica Mogherini ad Alto rappresentante UE per la politica estera e di sicurezza comune, Manzo ha dichiarato che ci\u00f2 rappresenta \u201cun riconoscimento della sua esperienza, competenza e dedizione al rafforzamento dell\u2019Europa, come anche della sua politica estera e di sicurezza nello spirito del vero europeismo dell\u2019Italia\u201d.<BR><BR>Quanto all\u2019allargamento dell\u2019UE ed al processo di adesione della Serbia, l\u2019Ambasciatore d\u2019Italia ha ricordato che la Mogherini ha ribadito recentemente davanti alla Commissione Affari Esteri del Parlamento Europeo che l\u2019allargamento non \u00e8 solo nell\u2019interesse dei Paesi dei Balcani Occidentali, ma anche nell\u2019interesse della stabilit\u00e0, sicurezza e prosperit\u00e0 economica dell\u2019Europa.<BR>\u00a0<BR><A href=\"http:\/\/www.youtube.com\/user\/BelgradoAmbIta\"><STRONG>GALLERIA VIDEO<\/STRONG><\/A><\/P><P>&#8212;-<BR><STRONG>Serbia: Ue, Italia per apertura capitoli negoziali entro anno<BR>Amb. Manzo, allargamento tra priorita&#8217; presidenza italiana<\/STRONG><\/P><br \/>\n<P>\u00a0\u00a0 <STRONG>(ANSAmed)<\/STRONG> &#8211; BELGRADO, 9 SET &#8211; L&#8217;Italia, che detiene la presidenza semestrale dell&#8217;Ue, intende impegnarsi per fare in modo che la Serbia apra i primi capitoli negoziali entro la fine dell&#8217;anno, ma cio&#8217; dipende sopratutto dalla Serbia stessa. Lo ha detto l&#8217;ambasciatore d&#8217;Italia a Belgrado Giuseppe Manzo.\u00a0\u00a0\u00a0\u00a0\u00a0\u00a0\u00a0 <BR>\u00a0\u00a0 <BR><EM>\u00a0&#8220;L&#8217;Italia ritiene che i Paesi candidati vadano incoraggiati nell&#8217;attuazione delle riforme interne, e che la Ue debba dar prova di credibilita&#8217; e mostrare chiara dedizione al processo di allargamento&#8221;,<\/EM> ha detto Manzo in un&#8217;intervista all&#8217;agenzia Tanjug. A suo avviso, l&#8217;apertura dei primi capitoli negoziali entro l&#8217;anno servirebbe a entrambi tali obiettivi.<\/P><br \/>\n<P>\u00a0\u00a0 &#8220;L&#8217;agenda ufficiale della presidenza lo consente tecnicamente e l&#8217;Italia, quale presidente di turno, e&#8217; disposta a impegnarsi perche&#8217; cio&#8217; accada. Naturalmente, cio&#8217; dipende soprattutto da voi e dalla vostra capacita&#8217; di continuare a ottenere risultati con la stessa determinazione dimostrata finora&#8221;.<\/P><br \/>\n<P>\u00a0\u00a0 L&#8217;ambasciatore, che ha concesso l&#8217;intervista alla vigilia dell&#8217;arrivo domani a Belgrado del Gruppo di lavoro sull&#8217;allargamento del Consiglio Ue (Coela), ha sottolineato che l&#8217;allargamento e&#8217; tra le priorita&#8217; della presidenza italiana.<\/P><br \/>\n<P>\u00a0\u00a0 <EM><STRONG>&#8220;<\/STRONG>Noi riteniamo che il posto della Serbia sia in Europa<\/EM>, e consideriamo l&#8217;integrazione della regione come l&#8217;attuazione del progetto dei padri fondatori dell&#8217;Unione europea&#8221;, ha detto Manzo. Proprio per questo, ha osservato, il ministro degli esteri Federica Mogherini, poco dopo l&#8217;avvio della presidenza italiana, ha visitato Belgrado e le altre capitali dei Balcani occidentali.\u00a0 <BR>\u00a0<\/P><br \/>\n<P>\u00a0<\/P><\/p>\n","protected":false},"excerpt":{"rendered":"TANJUG, 9 settembre 2014Il Gruppo di Lavoro sull\u2019allargamento nel Consiglio UE (Coela) sar\u00e0 domani a Belgrado per una visita di tre giorni, durante la quale i delegati dei Paesi membri dell\u2019Unione Europea incontreranno i rappresentanti delle Istituzioni serbe, tra cui il Governo ed il Parlamento, ha dichiarato oggi per l\u2019agenzia Tanjug l\u2019Ambasciatore d\u2019Italia a Belgrado [&hellip;]","protected":false},"author":1,"featured_media":0,"comment_status":"","ping_status":"","sticky":false,"template":"","format":"standard","meta":{"footnotes":""},"tags":[],"class_list":["post-7723","post","type-post","status-publish","format-standard","hentry"],"_links":{"self":[{"href":"https:\/\/ambbelgrado.esteri.it\/it\/wp-json\/wp\/v2\/posts\/7723","targetHints":{"allow":["GET"]}}],"collection":[{"href":"https:\/\/ambbelgrado.esteri.it\/it\/wp-json\/wp\/v2\/posts"}],"about":[{"href":"https:\/\/ambbelgrado.esteri.it\/it\/wp-json\/wp\/v2\/types\/post"}],"author":[{"embeddable":true,"href":"https:\/\/ambbelgrado.esteri.it\/it\/wp-json\/wp\/v2\/users\/1"}],"replies":[{"embeddable":true,"href":"https:\/\/ambbelgrado.esteri.it\/it\/wp-json\/wp\/v2\/comments?post=7723"}],"version-history":[{"count":0,"href":"https:\/\/ambbelgrado.esteri.it\/it\/wp-json\/wp\/v2\/posts\/7723\/revisions"}],"wp:attachment":[{"href":"https:\/\/ambbelgrado.esteri.it\/it\/wp-json\/wp\/v2\/media?parent=7723"}],"wp:term":[{"taxonomy":"post_tag","embeddable":true,"href":"https:\/\/ambbelgrado.esteri.it\/it\/wp-json\/wp\/v2\/tags?post=7723"}],"curies":[{"name":"wp","href":"https:\/\/api.w.org\/{rel}","templated":true}]}}