{"id":7719,"date":"2014-09-12T07:53:00","date_gmt":"2014-09-12T05:53:00","guid":{"rendered":"https:\/\/ambbelgrado.esteri.it\/news\/dall_ambasciata\/2014\/09\/coela-a-belgrado\/"},"modified":"2014-09-12T07:53:00","modified_gmt":"2014-09-12T05:53:00","slug":"coela-a-belgrado","status":"publish","type":"post","link":"https:\/\/ambbelgrado.esteri.it\/it\/news\/dall_ambasciata\/2014\/09\/coela-a-belgrado\/","title":{"rendered":"Gruppo di lavoro sull&#8217;allargamento del Consiglio dell&#8217;Unione europea (COELA)\u00a0in visita a Belgrado"},"content":{"rendered":"<p>\u00a0<\/p>\n<p style=\"text-align: justify;\"><strong><a href=\"https:\/\/www.flickr.com\/photos\/belgrado_italianembassy\/\">GALLERIA FOTOGRAFICA<\/a> <\/p>\n<p><a href=\"http:\/\/www.youtube.com\/user\/BelgradoAmbIta\">GALLERIA VIDEO<\/a> <\/strong><\/p>\n<p>&#8211;<\/p>\n<p><img loading=\"lazy\" decoding=\"async\" style=\"height: 199px; width: 322px;\" src=\"\/resource\/2014\/09\/TanjugGiorgiaCoelaeManzo.jpg\" alt=\"Ambasciatore Manzo con Dott.ssa De Parolis\" width=\"512\" height=\"360\" border=\"0\" \/><br \/>\u00a0<br \/><strong>Serbia-Ue: ministro Esteri Dacic incontra gruppo di lavoro Coela<br \/><\/strong>\u00a0<br \/>Belgrado, 11 set &#8211; (<em><strong>Nova<\/strong><\/em>) &#8211; Il <strong>ministro degli Esteri serbo, Ivica Dacic<\/strong>, ha incontrato oggi il Gruppo di lavoro sull&#8217;allargamento del Consiglio dell&#8217;Unione europea (Coela) in visita a Belgrado. Secondo quanto riporta un comunicato ministeriale, il capo della diplomazia serba ha illustrato le attivita&#8217; messe in campo dal governo di Belgrado per proseguire nel percorso di integrazione europea, con l&#8217;auspicio che i primi capitoli negoziali di adesione possano essere aperti entro la fine dell&#8217;anno. Dacic ha ricordato che fino ad ora e&#8217; stato completato lo screening di 14 capitoli nell&#8217;ambito dei negoziati di adesione, mentre sette sono attualmente in corso. Il 10 ottobre, ha aggiunto, si terra&#8217; lo screening del capitolo 31, riguardante la politica estera e di sicurezza dell&#8217;Unione europea. Il ministro degli esteri di Belgrado ha infine colto l&#8217;occasione dell&#8217;incontro per illustrare le attivita&#8217; in agenda in previsione della presidenza di turno dell&#8217;Organizzazione per la sicurezza e la cooperazione in Europa (Osce) da parte della Serbia.\u00a0<\/p>\n<p><img loading=\"lazy\" decoding=\"async\" style=\"height: 186px; width: 325px;\" src=\"\/resource\/2014\/09\/TanjugCoelaDacic03.jpg\" alt=\"Il Ministro Esteri Dacic con il Coela\" width=\"512\" height=\"250\" border=\"0\" \/><br \/>\u00a0<br \/>&#8211;<\/p>\n<p><strong>Serbia-Ue: ministro Integrazione europea Joksimovic a colloquio con gruppo lavoro Coela<\/strong><br \/>\u00a0<br \/>Belgrado, 11 set &#8211; (<strong><em>Nova<\/em><\/strong>) &#8211; Il <strong>ministro per l&#8217;Integrazione europea serbo, Jadranka Joksimovic<\/strong>, ha incontrato oggi il Gruppo di lavoro sull&#8217;allargamento del Consiglio dell&#8217;Unione europea (Coela)\u00a0 in visita a Belgrado. Secondo quanto riporta un comunicato ministeriale, il ministro serbo ha illustrato le priorita&#8217; del governo per allineare entro il 2018 la sua legislazione a quella europea. La Joksimovic ha inoltre ringraziato i membri dell&#8217;Ue per il costante supporto alla Serbia, sia attraverso i suoi esperti che dal punto di vista finanziario. L&#8217;allargamento europeo, ha infine osservato, e&#8217; un processo nell&#8217;interesse di tutte le parti. <\/p>\n<p>&#8211;<\/p>\n<p><strong>Comunicato del Governo serbo: Serbia conferma la capacit\u00e0 amministrativa per i negoziati con l\u2019UE<\/strong><\/p>\n<p style=\"text-align: justify;\">Belgrado, l\u201911 settembre 2014 \u2013 Il <strong>primo vice presidente del Governo della Repubblica di Serbia e ministro degli Esteri Ivica Dacic<\/strong> si \u00e8 incontrato oggi con i membri della delegazione del Comitato per l\u2019allargamento del Consiglio dell\u2019Unione europea (<strong>COELA<\/strong>), che \u00e8 in visita di tre giorni a Belgrado, organizzata su iniziativa d\u2019Italia, la quale dal 1 luglio\u00a0presiede il Consiglio dell\u2019UE. <\/p>\n<p>Dacic ha informato i diplomatici di 28 paesi membri dell\u2019Unione europea e i rappresentanti della Commissione europea con le attivit\u00e0 riformatorie e legislative che il nostro paese conduce con lo scopo di aprire i primi capitoli nel processo dei negoziati entro la fine di questo anno. <\/p>\n<p>Il passato corso dello screening, nell&#8217;ambito del quale <strong>sono completati gli screening di 14 capitoli<\/strong>, e per sette sono ancora in corso, \u00e8 stato stimato come riuscito, e Serbia ha mostrato di avere le buone capacit\u00e0 amministrative. <\/p>\n<p>Siccome il 10 ottobre si terr\u00e0 lo screening bilaterale per il Capitolo 31 \u2013 la politica estera e la politica della sicurezza dell&#8217;UE, il cui portatore \u00e8 il Ministero degli Esteri, al quale assister\u00e0 anche il ministro Dacic, la particolare attenzione \u00e8 stata prestata ai settori rilevanti per esaminare questo capitolo, come l&#8217;appoggio alla politica estera e della sicurezza dell&#8217;UE e la cooperazione regionale nei Balcani. <\/p>\n<p>Dacic ha informato i membri del COELA anche sull\u2019intensiva agenda internazionale e molte attivit\u00e0 della politica estera e ha particolarmente rilevato la grande responsabilit\u00e0 che Serbia avr\u00e0 nel prossimo anno, quando sar\u00e0 presidente di rotazione all\u2019OSCE, nonch\u00e9 l\u2019importanza di quella presidenza per l\u2019intera regione. <\/p>\n<p>Il primo vice presidente del Governo ha espresso l\u2019aspettativa che i membri dell\u2019UE riconosceranno e rispetteranno gli impegni che Serbia ha fatto nell\u2019ambito del processo delle integrazioni europee, il che permetterebbe di mantenere la dinamica prevista dell\u2019apertura dei primi capitoli dei negoziati entro la fine di questo anno, si dice nella dichiarazione del Ministero degli Esteri. <\/p>\n<p>&#8211;<\/p>\n<p><strong>Comunicato Ministero della Giustizia serbo<\/strong><\/p>\n<p><strong>Il ministro della giustizia Nikola Selakovic<\/strong> ha incontrato oggi i membri della delegazione COELA, con i quali ha discusso delle attivit\u00e0 svolte dal Ministero della giustizia essenziali per il progresso della Serbia sul percorso dell\u2019integrazione UE. Il ministro Selakovic ha sottolineato che la giustizia \u00e8 uno settori pi\u00f9 complessi e pi\u00f9 soggetti al verificarsi di problemi, ma che negli ultimi due anni sono stati compiuti passi importanti verso la rule of law, riconosciuti come tali anche da parte della CE.<\/p>\n<p>Egli ha ricordato che la Serbia ha addottato strategie nazionali \u2013 per la riforma del sistema giudiziario 2013-2018 e per la lotta alla corruzione, ed ha altres\u00ec ribadito come, insieme a tali strategie, fossero sviluppati e successivamente approvati i relativi piani d\u2019azione. Selakovic ha aggiunto che, grazie a tali strategie e piani d\u2019azione, sviluppati da codesto dicastero insieme agli esperti UE, \u00e8 stata redatta e poi inoltrata alla Commissione europea la prima bozza del Piano d\u2019azione per i negoziati sul <strong>Capitolo 23<\/strong>. Egli ha infine auspicato che il Piano d\u2019azione definitivo possa essere compiuto nei prossimi due mesi, ma che ci\u00f2 non sarebbe che l\u2019inizio del vero lavoro, essendo necessaria una realizzazione coerente e determinata del piano in oggetto.<\/p>\n<p>Durante i colloqui, Selakovic ha inoltre dichiarato che le attivit\u00e0 del ministero da lui capeggiato mirano con convinzione verso i tre pilastri deteriminanti il Capitolo 23 \u2013 creazione di un sistema giudiziario efficace e indipendente, lotta alla corruzione e il rafforzamento del ruolo della societ\u00e0 civile al fine di promuovere il rispetto dei diritti umani.<\/p>\n<p>L\u2019ambasciatore d\u2019Italia in Serbia Giuseppe Manzo ha ricordato come la rule of law sia la priorit\u00e0 assoluta di ogni Paese moderno e democratico ed ha dichiarato che la Serbia ha fatto dei progressi in quel senso adottando determinate leggi e strategie. Egli ha sottolineato come il prossimo passo importante per la Serbia sia l\u2019applicazione di tali leggi.<\/p>\n<p>I rappresentanti COELA hanno rilevato che il Capitolo 23 \u00e8 la chiave dei negoziati con l\u2019UE e che la Serbia ha davanti a s\u00e9, sulla strada dell\u2019eurointegrazione, un grande lavoro da fare e numerosi sfide da affrontare. <\/p>\n<p>&#8211;<\/p>\n<p><strong>Agenzia TANJUG: Djuric, i serbi in Kosovo devono essere forti economicamente e politicamente<\/strong> <\/p>\n<p>Il <strong>direttore dell\u2019Ufficio per il Kosovo Marko Djuric<\/strong> ha espresso oggi davanti ai rappresentanti del Gruppo Coela il desiderio della Serbia di attuare tutti gli elementi dell&#8217;Accordo di Bruxelles, aggiungendo che la comunit\u00e0 serba in Kosovo deve essere forte dal punto di vista economico e politico. <\/p>\n<p>Lui ha detto che tale obiettivo \u201cnon pu\u00f2 essere raggiunto se non si risolve la questione dei diritti di propriet\u00e0 in Kosovo, sia privata che pubblica, e finch\u00e8 non sar\u00e0 risolta la questione di 247.000 sfollati.<\/p>\n<p>Djuric ha detto ai suoi interlocutori che la Serbia \u00e8 pronta a presentare in modo trasparente tutto quello che sta finanziando in Kosovo, aggiungendo che il Paese non rinuncer\u00e0 a quei finanziamenti. <\/p>\n<p>Djuric ha informato il Gruppo Coela su cosa significa vivere oggi in Kosovo e quali sono i problemi che il nord del Kosovo sta affrontando quando si tratta della creazione di istituzioni che saranno riconosciute da Belgrado, Pristina e Bruxelles. \u201eAbbiamo discusso molto dell&#8217;economia e del problema dei posti di lavoro\u201c, ha precisato Djuric.<\/p>\n<p>\u201eSono convinto che dopo la formazione del nuovo Governo kosovaro, i rappresentanti serbi ne faranno parte e che potremo lavorare con loro e con tutti gli altri per risolvere numerosi problemi\u201c, ha detto Djuric. Secondo Djuric, Belgrado vuole portare avanti i colloqui delle due parti a Bruxelles, con i temi che riguardano i diritti di propriet\u00e0, tutela della Chiesa ortodossa serba e del patrimonio culturale. Lui ha aggiunto che nella riunione si \u00e8 discusso anche delle emissioni di mandati d&#8217;arresto ed effettivi arresti dei serbi in Kosovo: &#8220;Ho detto chiaramente che la nostra posizione \u00e8 che la missione Eulex deve collaborare con la comunit\u00e0 serba come anche il popolo serbo deve avere contatti con la missione europea in modo di risolvere i problemi\u201c, ha dichiarato Djuric.<\/p>\n","protected":false},"excerpt":{"rendered":"\u00a0 GALLERIA FOTOGRAFICA GALLERIA VIDEO &#8211; \u00a0Serbia-Ue: ministro Esteri Dacic incontra gruppo di lavoro Coela\u00a0Belgrado, 11 set &#8211; (Nova) &#8211; Il ministro degli Esteri serbo, Ivica Dacic, ha incontrato oggi il Gruppo di lavoro sull&#8217;allargamento del Consiglio dell&#8217;Unione europea (Coela) in visita a Belgrado. Secondo quanto riporta un comunicato ministeriale, il capo della diplomazia serba [&hellip;]","protected":false},"author":1,"featured_media":0,"comment_status":"","ping_status":"","sticky":false,"template":"","format":"standard","meta":{"footnotes":""},"tags":[],"class_list":["post-7719","post","type-post","status-publish","format-standard","hentry"],"_links":{"self":[{"href":"https:\/\/ambbelgrado.esteri.it\/it\/wp-json\/wp\/v2\/posts\/7719","targetHints":{"allow":["GET"]}}],"collection":[{"href":"https:\/\/ambbelgrado.esteri.it\/it\/wp-json\/wp\/v2\/posts"}],"about":[{"href":"https:\/\/ambbelgrado.esteri.it\/it\/wp-json\/wp\/v2\/types\/post"}],"author":[{"embeddable":true,"href":"https:\/\/ambbelgrado.esteri.it\/it\/wp-json\/wp\/v2\/users\/1"}],"replies":[{"embeddable":true,"href":"https:\/\/ambbelgrado.esteri.it\/it\/wp-json\/wp\/v2\/comments?post=7719"}],"version-history":[{"count":0,"href":"https:\/\/ambbelgrado.esteri.it\/it\/wp-json\/wp\/v2\/posts\/7719\/revisions"}],"wp:attachment":[{"href":"https:\/\/ambbelgrado.esteri.it\/it\/wp-json\/wp\/v2\/media?parent=7719"}],"wp:term":[{"taxonomy":"post_tag","embeddable":true,"href":"https:\/\/ambbelgrado.esteri.it\/it\/wp-json\/wp\/v2\/tags?post=7719"}],"curies":[{"name":"wp","href":"https:\/\/api.w.org\/{rel}","templated":true}]}}