{"id":7643,"date":"2014-10-22T07:46:05","date_gmt":"2014-10-22T05:46:05","guid":{"rendered":"https:\/\/ambbelgrado.esteri.it\/news\/dall_ambasciata\/2014\/10\/prefetto-porzio\/"},"modified":"2014-10-22T07:46:05","modified_gmt":"2014-10-22T05:46:05","slug":"prefetto-porzio","status":"publish","type":"post","link":"https:\/\/ambbelgrado.esteri.it\/it\/news\/dall_ambasciata\/2014\/10\/prefetto-porzio\/","title":{"rendered":"Balcani: Ue, Italia guida progetto IPA lotta criminalita&#8217;. Colloqui a Belgrado prefetto Porzio. A dicembre conferenza Roma"},"content":{"rendered":"<p><img loading=\"lazy\" decoding=\"async\" style=\"height: 190px; width: 269px;\" src=\"\/resource\/2014\/10\/2014_10_21PorzioStefanovic04sito.jpg\" alt=\"Prefetto Porzio e Ministro Stefanovic\" width=\"356\" height=\"268\" border=\"0\" \/><\/p>\n<p style=\"text-align: justify;\"><strong>Serbia-Italia: prefetto Porzio a Belgrado incontra autorita&#8217; locali in vista di avvio progetto Ipa Polizia-Balcani<br \/><\/strong>\u00a0<br \/>Belgrado, 21 ott &#8211; <strong>(NOVA)<\/strong> &#8211; Si e&#8217; conclusa la serie di incontri previsti nell&#8217;ambito della visita a Belgrado del <strong>prefetto Annapaola Porzio del dipartimento di pubblica sicurezza del ministero dell&#8217;Interno italiano<\/strong>. Il prefetto ha incontrato le autorita&#8217; governative nazionali nell&#8217;ambito dell&#8217;avvio del <strong>progetto Ipa Polizia-Balcani 2013<\/strong>, di cui e&#8217; project leader. La Porzio ha incontrato il <strong>ministro dell&#8217;Interno Nebojsa Stefanovic<\/strong>, il <strong>capo della polizia serba Milorad Veljovic<\/strong>, il <strong>capo della procura speciale per il crimine organizzato, Miljko Radisavljevic<\/strong> e il <strong>capo negoziatore serbo per l&#8217;adesione all&#8217;Ue Tanja Miscevic<\/strong>.<\/p>\n<p style=\"text-align: justify;\">In un&#8217;intervista con la stampa italiana presso la residenza dell&#8217;<strong>ambasciatore Giuseppe Manzo<\/strong>, la Porzio ha illustrato i punti fondanti del progetto finanziato dalla direzione per l&#8217;Allargamento dell&#8217;Unione europea e vinto dall&#8217;Italia. Il programma riguarda sei paesi dei Balcani, ovvero la Serbia, la Bosnia Erzegovina, l&#8217;ex Repubblica jugoslava di Macedonia (Fyrom), l&#8217;Albania e il Kosovo, vede una durata di tre anni ed e&#8217; ora entrato nella fase preliminare, prima dell&#8217;avvio previsto nella seconda meta&#8217; di novembre a cui seguir\u00e0 una conferenza di apertura che si terra&#8217; a Roma ai primi di dicembre.<\/p>\n<p style=\"text-align: justify;\">L&#8217;intero programma vede un finanziamento della direzione generale per l&#8217;Allargamento Ue di 5 milioni di euro. La particolarita&#8217; e punto di forza del progetto e&#8217; la rete di esperti residenti, mandati dall&#8217;Italia e che lavoreranno nelle sedi dei dicasteri dell&#8217;Interno dei vari paesi, affiancando cosi&#8217; operativamente il personale locale. I quattro esperti sono stati inviati in Serbia, Bosnia Erzegovina, Montenegro e Fyrom. Gli ufficiali rispecchiano la natura interforze del progetto e fanno parte dell&#8217;Arma dei carabinieri, della Guardia di finanza e della Polizia. La finalit\u00e0 e&#8217; quella di affiancare gli Stati beneficiari nei temi della lotta alla criminalit\u00e0 organizzata in tutti i possibili aspetti, compresi la tratta degli esseri umani e il traffico di stupefacenti, escludendo il settore migratorio.\u00a0<br \/>\u00a0<br \/><img loading=\"lazy\" decoding=\"async\" style=\"height: 166px; width: 295px;\" src=\"\/resource\/2014\/10\/2014_10_21PorzioStefanovic07sito.jpg\" alt=\"2014_10_21 Visita a Belgrado del prefetto Porzio\" width=\"360\" height=\"191\" border=\"0\" \/><\/p>\n<p style=\"text-align: justify;\"><strong><span style=\"text-decoration: underline;\"><a href=\"https:\/\/www.flickr.com\/photos\/belgrado_italianembassy\/\">Foto galleria<\/a><\/span><\/strong><\/p>\n<p style=\"text-align: justify;\">&#8211;<\/p>\n<p style=\"text-align: justify;\"><strong>Balcani: Ue, Italia guida progetto IPA lotta criminalita&#8217; . Colloqui a Belgrado prefetto Porzio. A dicembre conferenza Roma<\/strong><\/p>\n<p style=\"text-align: justify;\">\u00a0<strong>(ANSA) <\/strong>&#8211; BELGRADO, 21 OTT &#8211; Il rafforzamento e un maggiore coordinamento della lotta comune alla criminalita&#8217; organizzata sono stati al centro di colloqui che il prefetto Annapaola Porzio ha avuto oggi a Belgrado con la dirigenza serba, alla quale ha illustrato il <strong>progetto IPA Polizia-Balcani 2013<\/strong>. Si tratta di un piano finanziato dalla direzione generale Ue per l&#8217;allargamento, la cui finalita&#8217; e&#8217; quella di affiancare e accompagnare gli stati beneficiari in relazione ai temi della lotta al crimine organizzato in tutti i suoi aspetti e sfaccettature. <\/p>\n<p>Il progetto, che e&#8217; stato affidato all&#8217;Italia la cui grande esperienza nel contrasto alla criminalita&#8217; e&#8217; ampiamente riconosciuta, riguarda sei Paesi dei Balcani occidentali &#8211; Serbia, Montenegro, Macedonia, Bosnia-Erzegovina, Albania e Kosovo &#8211; ha una durata di tre anni ed e&#8217; dotato di un fondo di 5 milioni di euro. <\/p>\n<p><em>&#8220;I Balcani sono un&#8217;area di grande interesse strategico per l&#8217;Europa e per l&#8217;Italia in particolare, alla quale sono vicini non solo geograficamente ma anche culturalmente&#8221;,<\/em> ha detto il <strong>prefetto Porzio<\/strong>, che ha incontrato a Belgrado il ministro dell&#8217;interno serbo Nebojsa Stefanovic, il direttore generale della polizia Milorad Veljovic, il capo della procura speciale per il crimine organizzato Miljko Radisavljevic e il capo del team negoziale con la Ue Tanja Miscevic. <\/p>\n<p><em>&#8220;La rotta balcanica e&#8217; ancora viva, anche se ormai la criminalita&#8217; viaggia ora via web&#8221;,<\/em> ha osservato il prefetto Porzio, secondo cui l&#8217;idea del progetto IPA non e&#8217; in alcun modo quella di imporre punti di vista o peggio &#8216;colonizzare&#8217; i Paesi coinvolti, ma piutttosto &#8220;<em>affiancarli per aiutarli ad adeguarsi piu&#8217; velocemente agli standard europei<\/em>&#8220;. Le aree di intervento sono la cooperazione giudiziaria e di polizia, lo scambio di informazioni e di intelligence, la tecnologia delle comunicazioni e la protezione dati, le indagini internazionali, i processi e le procedure. Il prefetto Porzio, che e&#8217; &#8216;Project Leader&#8217;, si avvale di &#8216;Resident Experts&#8217; dislocati in Serbia. Montenegro, Bosnia-Erzegovina e Macedonia. <\/p>\n<p>L&#8217;inaugurazione formale del progetto, che e&#8217; gia&#8217; partito con una fase preliminare, avverra&#8217; con una conferenza in programa a Roma l&#8217;1 e 2 dicembre prossimi. <em>&#8220;Sono molto soddisfatta dei colloqui avuti qui a Belgrado, dove in tutti gli interlocutori ho riscontrato grande interesse e disponibilita&#8217;<\/em>&#8220;, ha detto Annapaola Porzio, che ha sottolineato come le autorita&#8217; serbe e degli altri Paesi coinvolti abbiano acconsentito a far lavorare i responsabili italiani all&#8217;interno delle rispettive strutture operative. &#8220;<em>Tutto cio&#8217; contribuisce anche a migliorare i rapporti fra l&#8217;Italia e i Paesi interessati&#8221;. <br \/><\/em><br \/>Il <strong>ministro Stefanovic<\/strong>, in un comunicato diffuso in serata sul colloquio con il prefetto Porzio, ha definito da parte sua &#8220;eccellente a tutti i livelli&#8221;\u00a0 la cooperazione fra i ministeri dell&#8217;interno di Serbia e Italia. &#8220;Siamo aperti, ha aggiunto, a ogni tipo di proposta e assistenza che l&#8217;Italia e altri Paesi Ue intendono offrire alla Serbia&#8221;. (ANSA)<\/p>\n<p style=\"text-align: justify;\">&#8211;<\/p>\n<p style=\"text-align: justify;\"><em>Comunicato del Ministero dell\u2019Interno serbo:<\/em><\/p>\n<p style=\"text-align: justify;\"><strong>L\u2019aiuto dell\u2019Italia nella lotta con tutti i tipi di criminalit\u00e0<\/strong><\/p>\n<p style=\"text-align: justify;\">Belgrado, 21 ottobre 2014 \u2013 Il <strong>ministro dell\u2019Interno serbo Nebojsa Stefanovic<\/strong> ha incontrato oggi il direttore dell\u2019Ufficio per il coordinamento e per la pianificazione delle forze di polizia del Ministero dell\u2019Interno italiano ed il direttore della cooperazione internazionale della polizia <strong>Annapaola Porzio<\/strong>, con la quale ha discusso delle attivit\u00e0 legate al progetto IPA \u201cLotta contro la criminalit\u00e0 organizzata e la corruzione: cooperazione internazionale nel diritto penale\u201d. <\/p>\n<p>Stefanovic ha valutato che la cooperazione tra i due Ministeri dell\u2019Interno \u00e8 straordinaria su tutti i livelli, dicendosi convinto che esiste un desiderio reciproco di rafforzarla ulteriormente attraverso lo scambio di esperienze tra le due parti. <\/p>\n<p>Facendo riferimento al processo di integrazione europea, lui ha dichiarato che tale processo \u00e8 priorit\u00e0 principale di politica estera della Serbia, sottolineando che il Ministero dell\u2019Interno serbo fa tutto per adempiere alle condizioni necessarie per l\u2019apertura del Capitolo 24 che si riferisce alla giustizia, libert\u00e0 e sicurezza. <\/p>\n<p>Il ministro ha dichiarato che il nostro Paese accoglier\u00e0 qualsiasi tipo di proposta o aiuto da parte dell\u2019Italia, ma anche da altri Paesi-membri dell\u2019UE, aggiungendo che l\u2019individuazione degli esperti da entrambe le parti, responsabili della realizzazione del progetto, riveste grande importanza per il successo del progetto. <\/p>\n<p>E\u2019 stato detto nei colloqui che la prevenzione e la lotta alla criminalit\u00e0 organizzata transfrontaliera \u00e8 un obiettivo generale che porter\u00e0 allo smantellamento delle organizzazioni criminali che si occupano del traffico illegale al livello transfrontaliero. <\/p>\n<p>La Porzio, avendo in mente le ricche esperienze del Ministero dell\u2019Interno italiano nella lotta contro la criminalit\u00e0 organizzata, specialmente contro furti aggravati, falsificazione di documenti, traffico illecito di stupefacenti e immigrazione clandestina, ha ribadito che l\u2019Italia \u00e8 pronta a prestare qualsiasi tipo di aiuto al Ministero dell\u2019Interno serbo.<\/p>\n","protected":false},"excerpt":{"rendered":"Serbia-Italia: prefetto Porzio a Belgrado incontra autorita&#8217; locali in vista di avvio progetto Ipa Polizia-Balcani\u00a0Belgrado, 21 ott &#8211; (NOVA) &#8211; Si e&#8217; conclusa la serie di incontri previsti nell&#8217;ambito della visita a Belgrado del prefetto Annapaola Porzio del dipartimento di pubblica sicurezza del ministero dell&#8217;Interno italiano. Il prefetto ha incontrato le autorita&#8217; governative nazionali nell&#8217;ambito [&hellip;]","protected":false},"author":1,"featured_media":0,"comment_status":"","ping_status":"","sticky":false,"template":"","format":"standard","meta":{"footnotes":""},"tags":[],"class_list":["post-7643","post","type-post","status-publish","format-standard","hentry"],"_links":{"self":[{"href":"https:\/\/ambbelgrado.esteri.it\/it\/wp-json\/wp\/v2\/posts\/7643","targetHints":{"allow":["GET"]}}],"collection":[{"href":"https:\/\/ambbelgrado.esteri.it\/it\/wp-json\/wp\/v2\/posts"}],"about":[{"href":"https:\/\/ambbelgrado.esteri.it\/it\/wp-json\/wp\/v2\/types\/post"}],"author":[{"embeddable":true,"href":"https:\/\/ambbelgrado.esteri.it\/it\/wp-json\/wp\/v2\/users\/1"}],"replies":[{"embeddable":true,"href":"https:\/\/ambbelgrado.esteri.it\/it\/wp-json\/wp\/v2\/comments?post=7643"}],"version-history":[{"count":0,"href":"https:\/\/ambbelgrado.esteri.it\/it\/wp-json\/wp\/v2\/posts\/7643\/revisions"}],"wp:attachment":[{"href":"https:\/\/ambbelgrado.esteri.it\/it\/wp-json\/wp\/v2\/media?parent=7643"}],"wp:term":[{"taxonomy":"post_tag","embeddable":true,"href":"https:\/\/ambbelgrado.esteri.it\/it\/wp-json\/wp\/v2\/tags?post=7643"}],"curies":[{"name":"wp","href":"https:\/\/api.w.org\/{rel}","templated":true}]}}