{"id":7616,"date":"2014-10-29T09:52:32","date_gmt":"2014-10-29T08:52:32","guid":{"rendered":"https:\/\/ambbelgrado.esteri.it\/news\/dall_ambasciata\/2014\/10\/impegno-italia-apertura-primo-capitolo-negoziato-ue\/"},"modified":"2014-10-29T09:52:32","modified_gmt":"2014-10-29T08:52:32","slug":"impegno-italia-apertura-primo-capitolo-negoziato-ue","status":"publish","type":"post","link":"https:\/\/ambbelgrado.esteri.it\/it\/news\/dall_ambasciata\/2014\/10\/impegno-italia-apertura-primo-capitolo-negoziato-ue\/","title":{"rendered":"Impegno Italia apertura primo capitolo negoziato Ue, &#8220;ma decisione \u00e8 di tutti Paesi membri&#8221;"},"content":{"rendered":"<p><P>(<STRONG>ANSAmed<\/STRONG>) &#8211; L\u2019impegno dell\u2019Italia per favorire l\u2019apertura entro la fine dell\u2019anno di un primo capitolo nel negoziato di adesione della Serbia alla Ue \u00e8 stato sottolineato <STRONG>dall\u2019ambasciatore a Belgrado Giuseppe Manzo<\/STRONG>.\u00a0\u00a0\u00a0\u00a0\u00a0\u00a0 <BR>\u201c<EM>L\u2019Italia, come presidente di turno del consiglio Ue, \u00e8 pronta ad aiutare la Serbia nell\u2019apertura del primo capitolo negoziale con l\u2019Unione. \u00c8 un tema che \u00e8 nell\u2019agenda dell\u2019Italia e verr\u00e0 messo sul tavolo<\/EM>\u201d, ha detto Manzo intervenuto oggi a un incontro con gli studenti sul <STRONG>ruolo della presidenza europea<\/STRONG>, svoltosi allo <STRONG>stand della Ue allestito alla Fiera internazionale del libro<\/STRONG> in corso a Belgrado.<BR>L\u2019apertura dei capitoli negoziali, ha tuttavia precisato l\u2019ambasciatore, non dipende dalla sola Italia ma da una decisione di tutti i Paesi membri, dal momento che tutte le decisioni in materia di allargamento vengono prese all\u2019unanimit\u00e0.<BR>Sottolineando l\u2019importanza dello \u201cstorico accordo\u201d raggiunto da Belgrado con Pristina sulla normalizzazione dei rapporti, l\u2019ambasciatore Manzo ha ricordato come fra qualche giorno, il primo novembre, il ministro degli esteri italiano Federica Mogherini si insedier\u00e0 ufficialmente alla guida della diplomazia europea, ed \u00e8 lei che bisogner\u00e0 chiamare per \u201cparlare con l\u2019Europa\u201d.<BR>L\u2019ambasciatore in precedenza era intervenuto alla presentazione della versione in italiano del libro intitolato \u2018Inclini all\u2019amore\u2019 di Tijana M.Djerkovic. <\/P><P><STRONG><U><IMG style=\"HEIGHT: 191px; WIDTH: 336px\" border=\"0\" alt=\"Sul ruolo della Presidenza UE alla Fiera del libro a Belgrado\" src=\"\/resource\/2014\/10\/2014_10_28Fieralibro04persito.JPG\" width=\"360\" height=\"268\"><\/U><\/STRONG><\/P><br \/>\n<P><A href=\"https:\/\/www.flickr.com\/photos\/belgrado_italianembassy\/\"><STRONG><U>F<\/U><\/STRONG><STRONG><U>OTO GALLERIA<\/U><\/STRONG><BR><\/A>&#8212;<\/P><br \/>\n<P>(<EM>speaking points of ambassador Manzo<\/EM>)<BR>\u2022\u00a0\u00a0\u00a0\u00a0\u00a0 From 1st July to 31st December Italy is presiding over the Council of the European Union for the 11th time since (25 March) 1957, when Treaties of Rome were signed.<BR>\u2022\u00a0\u00a0\u00a0\u00a0\u00a0 During this six-month term, the Presidency is in charge of preparing, coordinating and chairing the work of the Council which meets in 10 different \u201cconfigurations\u201d, depending on the subject being discussed (environment, education,\u00a0 economic and financial affairs, justice and home affairs and so on).<BR>\u2022\u00a0\u00a0\u00a0\u00a0\u00a0 It\u2019s a very demanding and challenging task even for a big country like Italy since one has to plan and chair a huge number of meetings of the Council and its preparatory bodies, several informal ministerial meetings, summits and other meetings between the EU and third countries as well as many other specific events. The Presidency also represents the Council in relations with the other EU institutions (the Commission the European Parliament). <BR>\u2022\u00a0\u00a0\u00a0\u00a0\u00a0 Though the rotating Presidency is supposed to act mainly as an \u201chonest broker\u201d, each Presidency has its own approach. It depends on how much you want to invest and to put both political and organizational efforts in your Semester by promoting legislative decisions, policy initiatives, and in negotiating with member states in order to reach common results. <BR>\u2022\u00a0\u00a0\u00a0\u00a0\u00a0 As a founding member of the European Union and the third contributor to its budget; with a new Government strongly committed to advance the European project also through reforming policies and structures; Italy has abviously chosen to have a very ambitious program and to throw its political weight behind the work of the Council. <BR>\u2022\u00a0\u00a0\u00a0\u00a0\u00a0 You will be able to see it for yourself since I printed and brought here for you the program that last July Prime Minister Matteo Renzi presented before the European Parliament. <BR>\u2022\u00a0\u00a0\u00a0\u00a0\u00a0 The main priorities are: 1) a job friendly Europe and economic growth (the Italian Presidency is mainly focused on tackling youth unemployment, facilitating competitiveness and fostering growth of the European economy); 2) EU an area of democracy, rights and freedom (we think we should focus on how to narrow the gap European citizens perceive between them and the EU institution, in order to have a better and more democratic Europe); 3) global role of the EU. On this point, just let\u2019s take some relevant examples: a) Italy considers the EU enlargement policy towards the Western Balkans a strategic priority to complete the original project of the EU founding fathers; b) our Presidency is very committed to develop a clear regional dimension of the Western Balkans c) we are working on a stronger coordination of EU Neighborhood Policy considering the current crisis in Ukraine, Syria, Iraq and Libya. As an Italian, I am sure that the appointment of the Italian MFA, Mrs Mogherini, will contribute to increase the standing\u00a0 and visibility of the EU in the world.<\/P><br \/>\n<P>&#8212;<\/P><br \/>\n<P><STRONG>Ambassador Michael Davenport Head of the EU Delegation to Serbia and Giuseppe Manzo Ambassador of Italy<\/STRONG>, as of the EU presiding country in this Semestre, talked to students of the Diplomacy and International Relations Forum of the Faculty of Political Sciences on <STRONG>the role of the EU presidency<\/STRONG>. <BR><BR>Speaking about the role of EU rotating presidency, Davenport said that the presidency was \u201cthe driver\u201d in terms of enlargement policy, whereas the European Commission represented \u201cthe engine.\u201d Ambassador Manzo explained that Italy, being the EU presiding country, stood ready to help Serbia open the first negotiating chapter in the EU accession process in December.\u00a0<BR><BR>&#8220;Italy, as a country presiding the Council of the EU, stands ready to help Serbia open the first chapter in the talks with the EU. It is on Italy&#8217;s agenda and it is the issue that will be put on the table,\u201d said Manzo. Italian Ambassador noted that his current chief, Italian Minister of Foreign Affairs Federica Mogherini, would in three days officially take office as head of European diplomacy and thus become Davenport&#8217;s chief, and Mogherini was the right person whose phone number ought to be dialled in order to \u201ctalk to Europe.\u201d<\/P><br \/>\n<P><A href=\"http:\/\/www.europa.rs\/en\/mediji\/najnovije-vesti\/4772\/EU+stand+on+Book+Fair%3A+Debate+on+EU+presidency+and+presentation+of+Erasmus+.html#sthash.9wpT5VSf.dpuf\">http:\/\/www.europa.rs\/en\/mediji\/najnovije-vesti\/4772\/EU+stand+on+Book+Fair%3A+Debate+on+EU+presidency+and+presentation+of+Erasmus+.html#sthash.9wpT5VSf.dpuf<\/A><\/P><\/p>\n","protected":false},"excerpt":{"rendered":"(ANSAmed) &#8211; L\u2019impegno dell\u2019Italia per favorire l\u2019apertura entro la fine dell\u2019anno di un primo capitolo nel negoziato di adesione della Serbia alla Ue \u00e8 stato sottolineato dall\u2019ambasciatore a Belgrado Giuseppe Manzo.\u00a0\u00a0\u00a0\u00a0\u00a0\u00a0 \u201cL\u2019Italia, come presidente di turno del consiglio Ue, \u00e8 pronta ad aiutare la Serbia nell\u2019apertura del primo capitolo negoziale con l\u2019Unione. \u00c8 un tema [&hellip;]","protected":false},"author":1,"featured_media":0,"comment_status":"","ping_status":"","sticky":false,"template":"","format":"standard","meta":{"footnotes":""},"tags":[],"class_list":["post-7616","post","type-post","status-publish","format-standard","hentry"],"_links":{"self":[{"href":"https:\/\/ambbelgrado.esteri.it\/it\/wp-json\/wp\/v2\/posts\/7616","targetHints":{"allow":["GET"]}}],"collection":[{"href":"https:\/\/ambbelgrado.esteri.it\/it\/wp-json\/wp\/v2\/posts"}],"about":[{"href":"https:\/\/ambbelgrado.esteri.it\/it\/wp-json\/wp\/v2\/types\/post"}],"author":[{"embeddable":true,"href":"https:\/\/ambbelgrado.esteri.it\/it\/wp-json\/wp\/v2\/users\/1"}],"replies":[{"embeddable":true,"href":"https:\/\/ambbelgrado.esteri.it\/it\/wp-json\/wp\/v2\/comments?post=7616"}],"version-history":[{"count":0,"href":"https:\/\/ambbelgrado.esteri.it\/it\/wp-json\/wp\/v2\/posts\/7616\/revisions"}],"wp:attachment":[{"href":"https:\/\/ambbelgrado.esteri.it\/it\/wp-json\/wp\/v2\/media?parent=7616"}],"wp:term":[{"taxonomy":"post_tag","embeddable":true,"href":"https:\/\/ambbelgrado.esteri.it\/it\/wp-json\/wp\/v2\/tags?post=7616"}],"curies":[{"name":"wp","href":"https:\/\/api.w.org\/{rel}","templated":true}]}}