{"id":7587,"date":"2014-11-17T11:12:43","date_gmt":"2014-11-17T10:12:43","guid":{"rendered":"https:\/\/ambbelgrado.esteri.it\/news\/dall_ambasciata\/2014\/11\/ambasciatore-manzo-su-rtv\/"},"modified":"2014-11-17T11:12:43","modified_gmt":"2014-11-17T10:12:43","slug":"ambasciatore-manzo-su-rtv","status":"publish","type":"post","link":"https:\/\/ambbelgrado.esteri.it\/it\/news\/dall_ambasciata\/2014\/11\/ambasciatore-manzo-su-rtv\/","title":{"rendered":"Ambasciatore Manzo ospite di RTV"},"content":{"rendered":"<p><P>\u201cLa serie televisiva <EM>&#8216;Vi presentiamo gli ambasciatori<\/EM>&#8216; segue le tracce dei messaggi umanistici per la soluzione non violenta dei problemi che colpiscono la nostra civilt\u00e0 e ci aiuta a capire l\u2019inquadramento personale dei diplomatici che da tutto il mondo vengono in missione in Serbia.<BR>Conosciamo, quindi, gli ambasciatori dei paesi stranieri in Serbia.<BR>Una volta accolti nella residenza in cui l\u2019ambasciatore in questione vive, iniziamo una conversazione che non \u00e8 necessariamente politica e riguarda la sua missione nel nostro paese.\u201c<\/P><P>tratto dalla presentazione della serie, la cui sceneggiatura \u00e8 curata da Branislava Kova\u010devi\u0107 e da \u017deljko Mirkovi\u0107 e la regia \u00e8 di quest\u2019ultimo<\/P><br \/>\n<P><A href=\"http:\/\/media.rtv.rs\/sr_lat\/specijali\/8796\">http:\/\/media.rtv.rs\/sr_lat\/specijali\/8796<\/A><\/P><\/p>\n","protected":false},"excerpt":{"rendered":"\u201cLa serie televisiva &#8216;Vi presentiamo gli ambasciatori&#8216; segue le tracce dei messaggi umanistici per la soluzione non violenta dei problemi che colpiscono la nostra civilt\u00e0 e ci aiuta a capire l\u2019inquadramento personale dei diplomatici che da tutto il mondo vengono in missione in Serbia.Conosciamo, quindi, gli ambasciatori dei paesi stranieri in Serbia.Una volta accolti nella [&hellip;]","protected":false},"author":1,"featured_media":0,"comment_status":"","ping_status":"","sticky":false,"template":"","format":"standard","meta":{"footnotes":""},"tags":[],"class_list":["post-7587","post","type-post","status-publish","format-standard","hentry"],"_links":{"self":[{"href":"https:\/\/ambbelgrado.esteri.it\/it\/wp-json\/wp\/v2\/posts\/7587","targetHints":{"allow":["GET"]}}],"collection":[{"href":"https:\/\/ambbelgrado.esteri.it\/it\/wp-json\/wp\/v2\/posts"}],"about":[{"href":"https:\/\/ambbelgrado.esteri.it\/it\/wp-json\/wp\/v2\/types\/post"}],"author":[{"embeddable":true,"href":"https:\/\/ambbelgrado.esteri.it\/it\/wp-json\/wp\/v2\/users\/1"}],"replies":[{"embeddable":true,"href":"https:\/\/ambbelgrado.esteri.it\/it\/wp-json\/wp\/v2\/comments?post=7587"}],"version-history":[{"count":0,"href":"https:\/\/ambbelgrado.esteri.it\/it\/wp-json\/wp\/v2\/posts\/7587\/revisions"}],"wp:attachment":[{"href":"https:\/\/ambbelgrado.esteri.it\/it\/wp-json\/wp\/v2\/media?parent=7587"}],"wp:term":[{"taxonomy":"post_tag","embeddable":true,"href":"https:\/\/ambbelgrado.esteri.it\/it\/wp-json\/wp\/v2\/tags?post=7587"}],"curies":[{"name":"wp","href":"https:\/\/api.w.org\/{rel}","templated":true}]}}