{"id":7525,"date":"2014-12-11T10:03:41","date_gmt":"2014-12-11T09:03:41","guid":{"rendered":"https:\/\/ambbelgrado.esteri.it\/news\/dall_ambasciata\/2014\/12\/premio-ccis-a-vucic\/"},"modified":"2014-12-11T10:03:41","modified_gmt":"2014-12-11T09:03:41","slug":"premio-ccis-a-vucic","status":"publish","type":"post","link":"https:\/\/ambbelgrado.esteri.it\/it\/news\/dall_ambasciata\/2014\/12\/premio-ccis-a-vucic\/","title":{"rendered":"Serbia-Italia: al premier serbo Vucic un riconoscimento speciale della Camera di Commercio\u00a0italo-serba per il miglioramento del clima per gli investimenti nel corso del 2014"},"content":{"rendered":"<p><P><IMG style=\"HEIGHT: 233px; WIDTH: 318px\" border=\"0\" alt=\"Premier Vucic riceve il riconoscimento speciale del CCIS\" src=\"\/resource\/2014\/12\/FotoTanjug7.jpg\" width=\"512\" height=\"393\"><\/P><P><IMG style=\"HEIGHT: 230px; WIDTH: 319px\" border=\"0\" alt=\"Premier Vucic con il riconoscimento speciale del CCIS\" src=\"\/resource\/2014\/12\/FotoTanjug8.jpg\" width=\"512\" height=\"400\"><\/P><br \/>\n<P><STRONG>Italia-Serbia: Premio Camera commercio a premier Vucic. Per impegno governo Belgrado nell&#8217;attrarre investimenti esteri<\/STRONG><\/P><br \/>\n<P>(<STRONG>ANSAmed<\/STRONG>) &#8211; BELGRADO, 11 DIC &#8211; La Camera di commercio italo-serba (Ccis) ha conferito al premier serbo <STRONG>Aleksandar Vucic<\/STRONG> un riconoscimento speciale per il particolare impegno del suo governo nel favorire l&#8217;afflusso di investimenti esteri in Serbia. Il conferimento e&#8217; avvenuto nel corso dell&#8217;incontro annuale della Ccis, ieri sera in un grande albergo di Belgrado, alla presenza del premier Vucic, appena rientrato da una visita ufficiale in Italia dove ha avuto colloqui con il presidente della repubblica Giorgio Napolitano, il premier Matteo Renzi e il presidente del Senato Pietro Grasso. &#8220;La Camera di commercio italo-serba ha deciso all&#8217;unanimita&#8217; di assegnare il riconoscimento speciale al governo della Serbia che, tra tutti i Paesi dei Balcani, e&#8217; quello che ha creato le condizioni piu&#8217; favorevoli ad attrarre investimenti dall&#8217;estero&#8221;, ha detto il presidente della Camera di commercio Andrea Simoncelli. Sottolineando il costante incremento della presenza imprenditoriale italiana in Serbia, che vede attualmente operative almeno 800 aziende del nostro Paese, Simoncelli ha elogiato il programma di riforme economiche varate dal governo di Belgrado, insieme all&#8217;alto grado di serieta&#8217; e preparazione della forza lavoro serba. Certo, ha osservato, molto resta ancora da fare, ma il governo presieduto da Aleksandar Vucic sta dando prova di grande impegno e serieta&#8217; per risanare l&#8217;economia, creare posti di lavoro e accelerare il cammino della Serbia verso l&#8217;integrazione nell&#8217;Unione europea.<\/P><br \/>\n<P>Ringraziando per il riconoscimento, Vucic si e&#8217; riferito ai colloqui in Italia, affermando di aver avuto a Roma 24 ore molto intense e utili al rafforzamento delle relazioni fra i due Paesi. &#8220;Sono molto contento e soddisfatto degli incontri. Abbiamo rafforzato la nostra amicizia, indispensabile a creare nuovi posti di lavoro. E dopo l&#8217;austerita&#8217; intendiamo favorire la crescita&#8221;, ha detto il premier che ha ringraziato i tanti imprenditori italiani che decidono di investire e operare in Serbia. &#8220;Dal vostro bellissimo Paese venite nel nostro Paese anch&#8217;esso bellissimo. Cio&#8217; serve non solo al nostro sviluppo ma anche all&#8217;Italia, perche&#8217; parte degli introiti li portate in Italia&#8221;, ha aggiunto Vucic che si e&#8217; detto &#8220;meravigliato della grande energia del premier Matteo Renzi&#8221;.<\/P><br \/>\n<P>Nel corso della serata &#8211; alla quale con i tanti imprenditori italiani sono intervenuti esponenti del mondo politico, economico e diplomatico &#8211; il presidente della Ccis e l&#8217;Ambasciatore d&#8217;Italia a Belgrado Giuseppe Manzo hanno consegnato il tradizionale Premio &#8216;G.M Leonardi&#8217; alla societa&#8217; GORDON del gruppo Calzedonia, per il suo particolare contributo allo sviluppo dell&#8217;industria tessile e al rafforzamento dei rapporti economici e commerciali tra Italia e Serbia. <BR><BR>&#8211;<BR><STRONG><BR>Serbia-Italia: premier Vucic a Premio Leonardi, ancora pi\u00f9 sostegno per investitori italiani<\/STRONG><\/P><br \/>\n<P>Belgrado, 11 dic 12:08 &#8211; (<EM>Agenzia Nova<\/EM>) &#8211; Il governo di Belgrado fornir\u00e0 un sostegno sempre maggiore agli imprenditori italiani che vorranno investire in Serbia. Lo ha dichiarato il premier serbo <STRONG>Aleksandar Vucic<\/STRONG>, nel corso della cerimonia per il conferimento del Premio Leonardi da parte della Camera di commercio italo-serba. Il premier serbo ha ricevuto nel corso della serata a nome del governo un riconoscimento speciale per il miglioramento del clima per gli investimenti nel corso del 2014. Vucic, appena tornato da una visita ufficiale a Roma, ha dichiarato che non vi \u00e8 alcun altro paese nell\u2019area in grado di offrire agli investitori sostegno ed aiuto come la Serbia. Parte del denaro guadagnato nel paese balcanico, secondo Vucic, potr\u00e0 tornare in Italia costituendo cos\u00ec un vantaggio economico anche per Roma.<\/P><br \/>\n<P>\u201cCon l\u2019Italia \u2013 ha detto Vucic \u2013 siamo riusciti a costruire un\u2019amicizia che alle compagnie di Roma porta profitto e ai nostri cittadini porta occupazione\u201d. Il premio Leonardi \u00e8 stato conferito quest\u2019anno alla <STRONG>ditta Gordon, parte del gruppo Calzedonia, <\/STRONG>per il contributo fornito al settore dell\u2019industria tessile. L\u2019ambasciatore d\u2019Italia a Belgrado, <STRONG>Giuseppe Manzo<\/STRONG>, ha espresso soddisfazione per la premiazione della Gordon, una ditta che impiega prevalentemente giovani e donne, e per la visita effettuata da Vucic nella giornata di ieri a Roma, dove sono stati affrontati i temi riguardanti la cooperazione politica ed economica fra i due paesi. Manzo ha inoltre sottolineato l\u2019importanza del processo di riforma avviato dal governo serbo. Il primo ministro di Belgrado \u00e8 stato ricevuto ieri a Roma dal presidente della Repubblica, Giorgio Napolitano, dal premier Matteo Renzi e dal presidente del Senato, Pietro Grasso.<\/P><br \/>\n<P>La sera precedente, invece, il capo del governo serbo aveva avuto un incontro privato con i rappresentanti della multinazionale italiana dolciaria Ferrero, del gruppo agroalimentare Cremonini, delle industrie Rigoni di Asiago e del marchio italiano di calzature Geox. Nel corso del conferimento del Premio Leonardi a Belgrado, il presidente della Camera di commercio italo-serba Andrea Simoncelli ha dichiarato che gli imprenditori italiani sono soddisfatti per le riforme intraprese dal governo serbo, che includono la nuova legge sul lavoro e i testi su privatizzazioni e procedure fallimentari, oltre che agevolazioni fiscali e sostegni a settori chiave quali l\u2019agricoltura. Simoncelli ha infine ribadito che l\u2019associazione da lui presieduta ha deciso di premiare il governo serbo perch\u00e9 \u00e8 quello che, fra tutti i paesi nella regione dei Balcani, ha realizzato le condizioni pi\u00f9 favorevoli per attirare gli investimenti stranieri attraverso delle riforme messe in atto in un breve periodo. <\/P><br \/>\n<P>&#8211;<\/P><br \/>\n<P>Belgrado, 10 dic 11:29 &#8211; (<STRONG><EM>Agenzia Nova<\/EM><\/STRONG>) &#8211; Il premier serbo Aleksandar Vucic sar\u00e0 questa sera a Belgrado per presenziare alla consegna del Premio Leonardi da parte della Camera di commercio italo-serba. Secondo quanto riporta una nota governativa, il premier giunger\u00e0 alla premiazione al suo ritorno dall\u2019Italia, dove sono in corso gli incontri con il presidente della Repubblica, Giorgio Napolitano, il premier Matteo Renzi ed il presidente del Senato, Pietro Grasso. Durante la cerimonia nella capitale serba l\u2019ambasciatore d\u2019Italia a Belgrado, Giuseppe Manzo, consegner\u00e0 il premio Leonardi all\u2019azienda che si \u00e8 maggiormente distinta nello sviluppo dei rapporti economico-commerciali fra Italia e Serbia. Secondo quanto precisa la nota governativa di Belgrado, nel corso della serata verr\u00e0 anche consegnato al premier Vucic un riconoscimento speciale della Camera italo-serba per il miglioramento del clima per gli investimenti nel corso del 2014.<BR><\/P><\/p>\n","protected":false},"excerpt":{"rendered":"Italia-Serbia: Premio Camera commercio a premier Vucic. Per impegno governo Belgrado nell&#8217;attrarre investimenti esteri (ANSAmed) &#8211; BELGRADO, 11 DIC &#8211; La Camera di commercio italo-serba (Ccis) ha conferito al premier serbo Aleksandar Vucic un riconoscimento speciale per il particolare impegno del suo governo nel favorire l&#8217;afflusso di investimenti esteri in Serbia. Il conferimento e&#8217; avvenuto [&hellip;]","protected":false},"author":1,"featured_media":0,"comment_status":"","ping_status":"","sticky":false,"template":"","format":"standard","meta":{"footnotes":""},"tags":[],"class_list":["post-7525","post","type-post","status-publish","format-standard","hentry"],"_links":{"self":[{"href":"https:\/\/ambbelgrado.esteri.it\/it\/wp-json\/wp\/v2\/posts\/7525","targetHints":{"allow":["GET"]}}],"collection":[{"href":"https:\/\/ambbelgrado.esteri.it\/it\/wp-json\/wp\/v2\/posts"}],"about":[{"href":"https:\/\/ambbelgrado.esteri.it\/it\/wp-json\/wp\/v2\/types\/post"}],"author":[{"embeddable":true,"href":"https:\/\/ambbelgrado.esteri.it\/it\/wp-json\/wp\/v2\/users\/1"}],"replies":[{"embeddable":true,"href":"https:\/\/ambbelgrado.esteri.it\/it\/wp-json\/wp\/v2\/comments?post=7525"}],"version-history":[{"count":0,"href":"https:\/\/ambbelgrado.esteri.it\/it\/wp-json\/wp\/v2\/posts\/7525\/revisions"}],"wp:attachment":[{"href":"https:\/\/ambbelgrado.esteri.it\/it\/wp-json\/wp\/v2\/media?parent=7525"}],"wp:term":[{"taxonomy":"post_tag","embeddable":true,"href":"https:\/\/ambbelgrado.esteri.it\/it\/wp-json\/wp\/v2\/tags?post=7525"}],"curies":[{"name":"wp","href":"https:\/\/api.w.org\/{rel}","templated":true}]}}