{"id":3980,"date":"2019-11-18T09:42:48","date_gmt":"2019-11-18T08:42:48","guid":{"rendered":"https:\/\/ambbelgrado.esteri.it\/news\/dall_ambasciata\/2019\/11\/aiutiamo-venezia-pomozimo-veneciji\/"},"modified":"2019-11-18T09:42:48","modified_gmt":"2019-11-18T08:42:48","slug":"aiutiamo-venezia-pomozimo-veneciji","status":"publish","type":"post","link":"https:\/\/ambbelgrado.esteri.it\/it\/news\/dall_ambasciata\/2019\/11\/aiutiamo-venezia-pomozimo-veneciji\/","title":{"rendered":"\u201cAiutiamo Venezia! Pomozimo Veneciji!\u201d"},"content":{"rendered":"<table style=\"width: 200px; height: 21px;\">\n<tbody>\n<tr>\n<td><img decoding=\"async\" src=\"resource\/img\/2019\/11\/venezia_1_-_news.jpg\" alt=\"venezia 1 news\" \/><\/td>\n<td><img decoding=\"async\" src=\"resource\/img\/2019\/11\/venezia_2_-_news.jpg\" alt=\"venezia 2 news\" \/><\/td>\n<\/tr>\n<\/tbody>\n<\/table>\n<p style=\"text-align: justify;\">\u201cVenezia \u00e8 un orgoglio di tutta l\u2019Italia, Venezia \u00e8 un patrimonio di tutti, unico al mondo. Grazie al Tuo aiuto torner\u00e0 a splendere\u201d.<\/p>\n<p style=\"text-align: justify;\">L\u2019Ambasciata d\u2019Italia risponde all\u2019appello lanciato dal Sindaco di Venezia Luigi Brugnaro e invita tutti a contribuire alla campagna per l\u2019emergenza acqua alta. Grazie!<\/p>\n<p>c\/c intestato a: Comune di Venezia-Emergenza acqua alta<br \/>Causale: contributo emergenza acqua<br \/>IBAN: IT 24 T 03069 02117 100000 018767<br \/>BIC: BCITITMM<\/p>\n<p>\u00a0<\/p>\n<p><img decoding=\"async\" src=\"resource\/img\/2019\/11\/img_3106.jpg\" alt=\"img 3106\" \/><\/p>\n<p>\u00a0<\/p>\n<p style=\"text-align: justify;\">&#8220;La Settimana della Cucina Italiana&#8221; per aiutare Venezia<\/p>\n<p>\u00c8 stato presentato, ieri sera all\u2019hotel Hilton, il programma della IV Settimana della Cucina Italiana, questa volta di carattere umanitario. Della manifestazione che proceder\u00e0 fino al 24 novembre e che sar\u00e0 legata alla campagna \u201cEmergenza contributo acqua alta\u201d hanno parlato l\u2019Ambasciatore d\u2019Italia Carlo Lo Cascio, la Direttrice dell\u2019Agenzia per il commercio estero Marina Scognamiglio e lo Chef stellato Eros Picco.<br \/>L\u2019obiettivo della campagna avviata dal Municipio di Venezia \u00e8 quello di aiutare la citt\u00e0 che ha subito notevoli danni a causa di acqua alta e vi si far\u00e0 riferimento in tutti gli eventi della Settimana. La manifestazione, promossa dal MAECI, verr\u00e0 organizzata in 110 Paesi in tutto il mondo. In Serbia, la sta organizzando l\u2019Ambasciata d\u2019Italia, in collaborazione con l\u2019Istituto Italiano di Cultura, l\u2019Agenzia per il commercio estero, la Camera di commercio italo-serba, la Confindustria Serbia, il Viceconsolato onorario di Subotica ed alcune imprese serbe.<br \/>L\u2019Ambasciata d\u2019Italia risponde all\u2019appello lanciato dal Sindaco di Venezia Luigi Brugnaro e invita tutti a contribuire alla campagna per l\u2019emergenza acqua alta.<br \/>\u201cVenezia \u00e8 un orgoglio di tutta l\u2019Italia, Venezia \u00e8 un patrimonio di tutti, unico al mondo. Grazie al Tuo aiuto torner\u00e0 a splendere\u201d, si legge nel comunicato dell\u2019Ambasciata.<\/p>\n<p style=\"text-align: justify;\">&#8211;<\/p>\n<p style=\"text-align: justify;\">CorD Magazine.\u00a0Let&#8217;s Help Venice! Pomozimo Veneciji!<br \/><a href=\"https:\/\/cordmagazine.com\/news\/venice-floods\/\">https:\/\/cordmagazine.com\/news\/venice-floods\/<\/a><\/p>\n<p style=\"text-align: justify;\">La \u201cSettimana della cucina italiana\u201d in aiuto di Venezia<br \/><a href=\"https:\/\/www.serbianmonitor.com\/la-settimana-della-cucina-italiana-in-aiuto-di-venezia\/\"><a>https:\/\/www.serbianmonitor.com\/la-settimana-della-cucina-italiana-in-aiuto-di-venezia\/<\/a><\/a><\/p>\n<p style=\"text-align: justify;\"><strong><br \/>Notizie in serbo:<\/strong><\/p>\n<p style=\"text-align: justify;\"><a href=\"http:\/\/www.politika.rs\/sr\/clanak\/442232\/Nedelja-italijanske-kuhinje-za-pomoc-Veneciji\">http:\/\/www.politika.rs\/sr\/clanak\/442232\/Nedelja-italijanske-kuhinje-za-pomoc-Veneciji<\/a><\/p>\n<p><a href=\"https:\/\/recepti-kuvar.rs\/iv-nedelja-italijanske-kuhinje-u-svetu\/\">https:\/\/recepti-kuvar.rs\/iv-nedelja-italijanske-kuhinje-u-svetu\/<\/a><\/p>\n<p><a href=\"https:\/\/www.danas.rs\/drustvo\/apel-za-pomoc-poplavljenoj-veneciji\/\">https:\/\/www.danas.rs\/drustvo\/apel-za-pomoc-poplavljenoj-veneciji\/<\/a><\/p>\n<p><a href=\"https:\/\/nadlanu.com\/505036\/cetvrta-nedelja-italijanske-kuhinje-u-svetu\/\">https:\/\/nadlanu.com\/505036\/cetvrta-nedelja-italijanske-kuhinje-u-svetu\/<\/a><\/p>\n<p><a href=\"https:\/\/www.nasiusvetu.com\/vesti\/67449\/nedelja-italijanske-kuhinje-za-pomoc-veneciji9914\/\">https:\/\/www.nasiusvetu.com\/vesti\/67449\/nedelja-italijanske-kuhinje-za-pomoc-veneciji9914\/<\/a><\/p>\n<p><a href=\"https:\/\/www.atastars.rs\/vesti-ostalo\/u-trendu\/281989-nedelja-italijanske-kuhinje-u-znaku-pomoci-za-veneciju\/\">https:\/\/www.atastars.rs\/vesti-ostalo\/u-trendu\/281989-nedelja-italijanske-kuhinje-u-znaku-pomoci-za-veneciju\/<\/a> <\/p>\n","protected":false},"excerpt":{"rendered":"\u201cVenezia \u00e8 un orgoglio di tutta l\u2019Italia, Venezia \u00e8 un patrimonio di tutti, unico al mondo. Grazie al Tuo aiuto torner\u00e0 a splendere\u201d. L\u2019Ambasciata d\u2019Italia risponde all\u2019appello lanciato dal Sindaco di Venezia Luigi Brugnaro e invita tutti a contribuire alla campagna per l\u2019emergenza acqua alta. Grazie! c\/c intestato a: Comune di Venezia-Emergenza acqua altaCausale: contributo [&hellip;]","protected":false},"author":1,"featured_media":0,"comment_status":"","ping_status":"","sticky":false,"template":"","format":"standard","meta":{"footnotes":""},"tags":[],"class_list":["post-3980","post","type-post","status-publish","format-standard","hentry"],"_links":{"self":[{"href":"https:\/\/ambbelgrado.esteri.it\/it\/wp-json\/wp\/v2\/posts\/3980","targetHints":{"allow":["GET"]}}],"collection":[{"href":"https:\/\/ambbelgrado.esteri.it\/it\/wp-json\/wp\/v2\/posts"}],"about":[{"href":"https:\/\/ambbelgrado.esteri.it\/it\/wp-json\/wp\/v2\/types\/post"}],"author":[{"embeddable":true,"href":"https:\/\/ambbelgrado.esteri.it\/it\/wp-json\/wp\/v2\/users\/1"}],"replies":[{"embeddable":true,"href":"https:\/\/ambbelgrado.esteri.it\/it\/wp-json\/wp\/v2\/comments?post=3980"}],"version-history":[{"count":0,"href":"https:\/\/ambbelgrado.esteri.it\/it\/wp-json\/wp\/v2\/posts\/3980\/revisions"}],"wp:attachment":[{"href":"https:\/\/ambbelgrado.esteri.it\/it\/wp-json\/wp\/v2\/media?parent=3980"}],"wp:term":[{"taxonomy":"post_tag","embeddable":true,"href":"https:\/\/ambbelgrado.esteri.it\/it\/wp-json\/wp\/v2\/tags?post=3980"}],"curies":[{"name":"wp","href":"https:\/\/api.w.org\/{rel}","templated":true}]}}