{"id":3290,"date":"2020-10-15T13:24:55","date_gmt":"2020-10-15T11:24:55","guid":{"rendered":"https:\/\/ambbelgrado.esteri.it\/news\/dall_ambasciata\/2020\/10\/festival-del-cinema-italo-serbo\/"},"modified":"2020-10-15T13:24:55","modified_gmt":"2020-10-15T11:24:55","slug":"festival-del-cinema-italo-serbo","status":"publish","type":"post","link":"https:\/\/ambbelgrado.esteri.it\/it\/news\/dall_ambasciata\/2020\/10\/festival-del-cinema-italo-serbo\/","title":{"rendered":"Festival del Cinema italo-serbo"},"content":{"rendered":"<p style=\"text-align: justify;\">L\u2019Ambasciatore Carlo Lo Cascio inaugurer\u00e0 <strong>sabato 17 ottobre alle 19.00 presso la Cineteca Jugoslava<\/strong> (Uzun Mirkova 1) la quinta edizione del <strong>Festival del Cinema Italo-Serbo<\/strong> che si svolger\u00e0, in presenza di pubblico e nel rispetto delle norme in vigore per la situazione sanitaria, presso le due sedi della Cineteca Jugoslava a Belgrado <strong>fino al 25 ottobre<\/strong>. Il Festival \u00e8 realizzato dall\u2019Associazione Culturale Excellence International in collaborazione con l\u2019Istituto Italiano di Cultura di Belgrado, la Cineteca Jugoslava, il Ministero italiano per i Beni e le Attivit\u00e0 Culturali e il Turismo (MIBACT), Luce-Cinecitt\u00e0 e il Centro Sperimentale di Cinematografia<\/p>\n<p style=\"text-align: justify;\">Il Festival \u00e8 dedicato da una parte al nuovo cinema italiano, per cui saranno presentati 6 film della pi\u00f9 recente produzione, e d\u2019altra parte alla storia della cinematografia italiana che quest\u2019anno <strong>ricorda la figura di Alberto Sordi di cui ricorre l\u2019anniversario dei cento anni della nascita<\/strong>. L\u2019attore romano verr\u00e0 ricordato con un\u2019ampia retrospettiva dei film che lo hanno visto protagonista (dal 21 al 25 ottobre) e con una ricca mostra fotografica dedicata ad alcuni momenti della sua lunghissima carriera.<\/p>\n<p style=\"text-align: justify;\">L\u2019inaugurazione del Festival avverr\u00e0 con l\u2019apertura della <strong>mostra su Alberto Sordi<\/strong> e la proiezione del film \u201c<strong>Permette? Alberto Sordi<\/strong>\u201d un film biografico girato per la televisione che racconta venti anni della vita di Alberto Sordi, dagli esordi alla celebrit\u00e0, con la straordinaria interpretazione di Edoardo Pesce nel ruolo di Sordi. Seguiranno nei giorni successivi \u201c<strong>Pinocchio<\/strong>\u201d di Matteo Garrone, che ha ricevuto 15 candidature all&#8217;edizione 2020 dei David di Donatello vincendo in cinque categorie: Miglior scenografo, Miglior truccatore, Miglior costumista, Miglior acconciatore e Migliori effetti speciali visivi; \u201c<strong>5 \u00e8 il numero perfetto<\/strong>\u201d di Igor Tuveri alias Igort con Toni Servillo e Valeria Golino; \u201c<strong>E\u2019 per il tuo bene<\/strong>\u201d di Rolando Ravello, con Marco Giallini e Isabella Ferrari; \u201c<strong>A Tor Bella Monaca non piove mai<\/strong>\u201d di Marco Bocci; \u201c<strong>Mio Fratello rincorre i Dinosauri<\/strong>\u201d di Stefano Cipani con Alessandro Gassman e \u201c<strong>Waiting for the Barbarians<\/strong>\u201d del regista colombiano Ciro Guerra e prodotto dall\u2019italiano Andrea Jervolino.<\/p>\n<p><em><strong>Per consultare il programma<\/strong><\/em> <a href=\"http:\/\/iicbelgrado.esteri.it\/iic_belgrado\/resource\/doc\/2020\/10\/program_2020.pdf\">cliccare qui<\/a>.<\/p>\n<p style=\"text-align: justify;\">Come per le edizioni precedenti, nel quadro del festival \u00e8 prevista, luned\u00ec 19 ottobre presso la Cineteca Jugoslava, una mattinata di incontri tra i professionisti del cinema italiano e serbo volti a promuovere le coproduzioni internazionali. La riunione si svolger\u00e0 con i professionisti italiani del settore collegati in video dall\u2019Italia e con i professionisti serbi presenti in sala. Si parler\u00e0 del rilancio delle piccole e medie imprese nel settore del cinema indipendente e dell&#8217;industria audiovisiva partendo da un&#8217;analisi attuale sulla realt\u00e0 della produzione e della distribuzione in Europa in un periodo di profonda revisione del mercato professionale e culturale. Si parler\u00e0 anche del prossimo Accordo di coproduzione cinematografica Italia-Serbia e delle possibili coproduzioni per dare una dimensione internazionale al cinema indipendente italiano e serbo. Sulla piattaforma TATATU sar\u00e0 possibile vedere gli interventi dei professionisti italiani del settore cinematografico. Infine sar\u00e0 presentata la app Italy for Movies, la nuova applicazione gratuita dedicata ai luoghi italiani per la produzione cinematografica e audiovisiva. Una guida aggiornata e innovativa alla scoperta dell\u2019Italia e dei luoghi che fanno cinema. Italy for Movies \u00e8 un progetto, nato nel 2017, della Direzione Cinema del Ministero per i Beni e le Attivit\u00e0 Culturali in collaborazione con IFC &#8211; Italian Film Commissions e gestito operativamente da Istituto Luce-Cinecitt\u00e0.<\/p>\n<p><a href=\"https:\/\/www.italyformovies.it\/news-detail.php?id=337&#038;title=italy-for-movies-lapp-che-fa-ciak-disponibile-da-oggi\">https:\/\/www.italyformovies.it\/news-detail.php?id=337&#038;title=italy-for-movies-lapp-che-fa-ciak-disponibile-da-oggi<\/a><\/p>\n<p><strong><br \/>Informazioni<\/strong><\/p>\n<p>Data: Da <strong>Sab 17<\/strong> <strong>Ott<\/strong> 2020 a <strong>Dom 25 Ott<\/strong> 2020<\/p>\n<p>Organizzato da: Excellence, Cineteca Jugoslava, IIC Belgrado<\/p>\n<p>Ingresso: A pagamento<\/p>\n<p><a href=\"https:\/\/iicbelgrado.esteri.it\/iic_belgrado\/it\/gli_eventi\/calendario\/2020\/10\/festival-del-cinema-italo-serbo.html\"><br \/>https:\/\/iicbelgrado.esteri.it\/iic_belgrado\/it\/gli_eventi\/calendario\/2020\/10\/festival-del-cinema-italo-serbo.html<\/a><\/p>\n","protected":false},"excerpt":{"rendered":"L\u2019Ambasciatore Carlo Lo Cascio inaugurer\u00e0 sabato 17 ottobre alle 19.00 presso la Cineteca Jugoslava (Uzun Mirkova 1) la quinta edizione del Festival del Cinema Italo-Serbo che si svolger\u00e0, in presenza di pubblico e nel rispetto delle norme in vigore per la situazione sanitaria, presso le due sedi della Cineteca Jugoslava a Belgrado fino al 25 [&hellip;]","protected":false},"author":1,"featured_media":0,"comment_status":"","ping_status":"","sticky":false,"template":"","format":"standard","meta":{"footnotes":""},"tags":[],"class_list":["post-3290","post","type-post","status-publish","format-standard","hentry"],"_links":{"self":[{"href":"https:\/\/ambbelgrado.esteri.it\/it\/wp-json\/wp\/v2\/posts\/3290","targetHints":{"allow":["GET"]}}],"collection":[{"href":"https:\/\/ambbelgrado.esteri.it\/it\/wp-json\/wp\/v2\/posts"}],"about":[{"href":"https:\/\/ambbelgrado.esteri.it\/it\/wp-json\/wp\/v2\/types\/post"}],"author":[{"embeddable":true,"href":"https:\/\/ambbelgrado.esteri.it\/it\/wp-json\/wp\/v2\/users\/1"}],"replies":[{"embeddable":true,"href":"https:\/\/ambbelgrado.esteri.it\/it\/wp-json\/wp\/v2\/comments?post=3290"}],"version-history":[{"count":0,"href":"https:\/\/ambbelgrado.esteri.it\/it\/wp-json\/wp\/v2\/posts\/3290\/revisions"}],"wp:attachment":[{"href":"https:\/\/ambbelgrado.esteri.it\/it\/wp-json\/wp\/v2\/media?parent=3290"}],"wp:term":[{"taxonomy":"post_tag","embeddable":true,"href":"https:\/\/ambbelgrado.esteri.it\/it\/wp-json\/wp\/v2\/tags?post=3290"}],"curies":[{"name":"wp","href":"https:\/\/api.w.org\/{rel}","templated":true}]}}