{"id":3024,"date":"2021-03-24T15:40:07","date_gmt":"2021-03-24T14:40:07","guid":{"rendered":"https:\/\/ambbelgrado.esteri.it\/news\/dall_ambasciata\/2021\/03\/airserbia-annuncia-la-ripresa-dei\/"},"modified":"2021-03-24T15:40:07","modified_gmt":"2021-03-24T14:40:07","slug":"airserbia-annuncia-la-ripresa-dei","status":"publish","type":"post","link":"https:\/\/ambbelgrado.esteri.it\/it\/news\/dall_ambasciata\/2021\/03\/airserbia-annuncia-la-ripresa-dei\/","title":{"rendered":"AirSerbia annuncia la ripresa dei collegamenti aerei diretti con l\u2019Italia"},"content":{"rendered":"<p style=\"text-align: justify;\">La compagnia di bandiera serba AirSerbia ha annunciato il ripristino del collegamento aereo diretto tra Belgrado e Roma Fiumicino a partire dal 30 aprile. In una prima fase, la cadenza dei voli sar\u00e0 bi-settimanale (luned\u00ec e venerd\u00ec). I voli diretti erano stati sospesi da marzo 2020 a causa della crisi pandemica.<\/p>\n<p style=\"text-align: justify;\">Per ogni ulteriore informazione, \u00e8 possibile contattare la compagnia aerea.<\/p>\n","protected":false},"excerpt":{"rendered":"La compagnia di bandiera serba AirSerbia ha annunciato il ripristino del collegamento aereo diretto tra Belgrado e Roma Fiumicino a partire dal 30 aprile. In una prima fase, la cadenza dei voli sar\u00e0 bi-settimanale (luned\u00ec e venerd\u00ec). I voli diretti erano stati sospesi da marzo 2020 a causa della crisi pandemica. Per ogni ulteriore informazione, [&hellip;]","protected":false},"author":1,"featured_media":0,"comment_status":"","ping_status":"","sticky":false,"template":"","format":"standard","meta":{"footnotes":""},"tags":[],"class_list":["post-3024","post","type-post","status-publish","format-standard","hentry"],"_links":{"self":[{"href":"https:\/\/ambbelgrado.esteri.it\/it\/wp-json\/wp\/v2\/posts\/3024","targetHints":{"allow":["GET"]}}],"collection":[{"href":"https:\/\/ambbelgrado.esteri.it\/it\/wp-json\/wp\/v2\/posts"}],"about":[{"href":"https:\/\/ambbelgrado.esteri.it\/it\/wp-json\/wp\/v2\/types\/post"}],"author":[{"embeddable":true,"href":"https:\/\/ambbelgrado.esteri.it\/it\/wp-json\/wp\/v2\/users\/1"}],"replies":[{"embeddable":true,"href":"https:\/\/ambbelgrado.esteri.it\/it\/wp-json\/wp\/v2\/comments?post=3024"}],"version-history":[{"count":0,"href":"https:\/\/ambbelgrado.esteri.it\/it\/wp-json\/wp\/v2\/posts\/3024\/revisions"}],"wp:attachment":[{"href":"https:\/\/ambbelgrado.esteri.it\/it\/wp-json\/wp\/v2\/media?parent=3024"}],"wp:term":[{"taxonomy":"post_tag","embeddable":true,"href":"https:\/\/ambbelgrado.esteri.it\/it\/wp-json\/wp\/v2\/tags?post=3024"}],"curies":[{"name":"wp","href":"https:\/\/api.w.org\/{rel}","templated":true}]}}