{"id":2394,"date":"2022-01-26T17:14:59","date_gmt":"2022-01-26T16:14:59","guid":{"rendered":"https:\/\/ambbelgrado.esteri.it\/news\/dall_ambasciata\/2022\/01\/l-ingegnere-annino-de-venezia-eletto\/"},"modified":"2022-01-26T17:14:59","modified_gmt":"2022-01-26T16:14:59","slug":"l-ingegnere-annino-de-venezia-eletto","status":"publish","type":"post","link":"https:\/\/ambbelgrado.esteri.it\/it\/news\/dall_ambasciata\/2022\/01\/l-ingegnere-annino-de-venezia-eletto\/","title":{"rendered":"L\u2019INGEGNERE ANNINO DE VENEZIA ELETTO NUOVO PRESIDENTE DEL CONSIGLIO DI AMMINSTRAZIONE DELLA CAMERA DI COMMERCIO ITALO-SERBA."},"content":{"rendered":"<p style=\"text-align: center;\"><img decoding=\"async\" src=\"resource\/img\/2022\/01\/de_venezia.jpg\" alt=\"\" \/><\/p>\n<p>L\u2019Ambasciatore d\u2019Italia, Carlo Lo Cascio, si \u00e8 congratulato con l\u2019Ing. Annino De Venezia, eletto all\u2019unanimit\u00e0 ieri sera come Presitente della Camera di commercio Italo-Serba (CCIS) dal Consiglio di Amministrazione della CCIS.<\/p>\n<p>Nel corso del colloquio l\u2019Ambasciatore Lo Cascio ha ricordato come l\u2019eccellente collaborazione gi\u00e0 da tempo avviata tra l\u2019Ambasciata e la Camera abbia raggiunto eccellenti risultati nella promozione economica dell\u2019Italia.<\/p>\n<p>Annino De Venezia succede a Giorgio Marchegiani, Presidente del Consiglio di Gestione e finora CEO di DDOR Novi Sad &#8211; Gruppo Unipol, il quale ha guidato la Camera dal 2016 e rientrer\u00e0 in Italia con un nuovo incarico.<\/p>\n<p>L\u2019Ing. De Venezia opera in Serbia come Direttore operativo dal 2015 e da marzo 2017 in qualit\u00e0 di Direttore Generale dello stabilimento AUNDE SRB D.O.O. di Jagodina del Gruppo AUNDE, che produce componenti per interni di auto. L\u2019azienda impiega oltre 800 persone ed ha avviato il programma duale di formazione per gli studenti delle Scuole Superiori. In Serbia ha sempre dato un significativo contributo alla promozione del Made in Italy, essendo un convinto sostenitore della capacit\u00e0 italiana di fare impresa.<\/p>\n<p>La Camera di Commercio Italo-Serba, forte di circa 150 soci, \u00e8 una delle 81 Camere di Commercio Italiane presenti in 58 Paesi nel mondo, con pi\u00f9 di 20.000 associati. Essa \u00e8 supportata dal Ministero dello Sviluppo Economico della Repubblica Italiana, agendo in coordinamento e a supporto delle istituzioni del Sistema Italia, tra cui l\u2019Ambasciata d\u2019Italia e l\u2019ICE \u2013 Italian Trade Agency.<\/p>\n<p>COMUNICATO CAMERA DI COMMERCIO ITALO-SERBA: <a href=\"https:\/\/www.ccis.rs\/it\/eletto-il-nuovo-presidente-della-camera-di-commercio-italo-serba\">https:\/\/www.ccis.rs\/it\/eletto-il-nuovo-presidente-della-camera-di-commercio-italo-serba<\/a> <\/p>\n","protected":false},"excerpt":{"rendered":"L\u2019Ambasciatore d\u2019Italia, Carlo Lo Cascio, si \u00e8 congratulato con l\u2019Ing. Annino De Venezia, eletto all\u2019unanimit\u00e0 ieri sera come Presitente della Camera di commercio Italo-Serba (CCIS) dal Consiglio di Amministrazione della CCIS. Nel corso del colloquio l\u2019Ambasciatore Lo Cascio ha ricordato come l\u2019eccellente collaborazione gi\u00e0 da tempo avviata tra l\u2019Ambasciata e la Camera abbia raggiunto eccellenti [&hellip;]","protected":false},"author":1,"featured_media":0,"comment_status":"","ping_status":"","sticky":false,"template":"","format":"standard","meta":{"footnotes":""},"tags":[],"class_list":["post-2394","post","type-post","status-publish","format-standard","hentry"],"_links":{"self":[{"href":"https:\/\/ambbelgrado.esteri.it\/it\/wp-json\/wp\/v2\/posts\/2394","targetHints":{"allow":["GET"]}}],"collection":[{"href":"https:\/\/ambbelgrado.esteri.it\/it\/wp-json\/wp\/v2\/posts"}],"about":[{"href":"https:\/\/ambbelgrado.esteri.it\/it\/wp-json\/wp\/v2\/types\/post"}],"author":[{"embeddable":true,"href":"https:\/\/ambbelgrado.esteri.it\/it\/wp-json\/wp\/v2\/users\/1"}],"replies":[{"embeddable":true,"href":"https:\/\/ambbelgrado.esteri.it\/it\/wp-json\/wp\/v2\/comments?post=2394"}],"version-history":[{"count":0,"href":"https:\/\/ambbelgrado.esteri.it\/it\/wp-json\/wp\/v2\/posts\/2394\/revisions"}],"wp:attachment":[{"href":"https:\/\/ambbelgrado.esteri.it\/it\/wp-json\/wp\/v2\/media?parent=2394"}],"wp:term":[{"taxonomy":"post_tag","embeddable":true,"href":"https:\/\/ambbelgrado.esteri.it\/it\/wp-json\/wp\/v2\/tags?post=2394"}],"curies":[{"name":"wp","href":"https:\/\/api.w.org\/{rel}","templated":true}]}}