{"id":15118,"date":"2026-04-27T13:31:12","date_gmt":"2026-04-27T11:31:12","guid":{"rendered":"https:\/\/ambbelgrado.esteri.it\/?p=15118"},"modified":"2026-04-27T13:31:12","modified_gmt":"2026-04-27T11:31:12","slug":"expo-2027-belgrado-firmato-il-contratto-per-il-padiglione-italiano","status":"publish","type":"post","link":"https:\/\/ambbelgrado.esteri.it\/it\/news\/dall_ambasciata\/2026\/04\/expo-2027-belgrado-firmato-il-contratto-per-il-padiglione-italiano\/","title":{"rendered":"EXPO 2027 BELGRADO: FIRMATO IL CONTRATTO PER IL PADIGLIONE ITALIANO"},"content":{"rendered":"<p>L\u2019Ambasciatore d\u2019Italia in Serbia, Luca Gori, ha firmato oggi il contratto di partecipazione dell\u2019Italia all\u2019Esposizione Specializzata EXPO 2027 Belgrado, in qualit\u00e0 di Commissario di Sezione. La firma \u00e8 avvenuta insieme alla Commissaria Generale e Ministra per il Commercio Interno ed Estero, Jagoda Lazarevi\u0107, ed al Direttore dell\u2019Esposizione, Danilo Jerini\u0107.<\/p>\n<p>Alla cerimonia, ospitata nella cornice dell\u2019Expo Playground presso la Fiera di Belgrado, hanno preso parte anche il Direttore dell\u2019Ufficio ICE di Belgrado e Vice Commissario Generale di Sezione, Antonio Ventresca, insieme ai rappresentanti del Sistema Italia che a Belgrado vede presenti Confindustria, Camera di Commercio Italo-Serba, Cassa Depositi e Prestiti, Simest e SACE. La presenza congiunta delle principali istituzioni del Sistema Italia a Belgrado testimonia l\u2019impegno corale del Paese nel cogliere le opportunit\u00e0 di internazionalizzazione offerte da EXPO 2027 e nel rafforzare ulteriormente la cooperazione economica e istituzionale con la Serbia e l\u2019intera area dei Balcani occidentali.<\/p>\n<p>La Ministra Lazarevi\u0107 ha ricordato l\u2019eccellente e continuativa collaborazione bilaterale che ha permesso di raggiungere questo importante risultato, sottolineando che l\u2019Italia \u00e8 uno dei partner economici pi\u00f9 importanti della Serbia e che la partecipazione italiana all\u2019Expo 2027 di Belgrado \u00e8 di grande rilevanza, aspettandosi che il padiglione italiano alla manifestazione sia \u201cvivace ed interessante\u201d.<\/p>\n<p>Il Governo italiano \u00e8 stato tra i primi ad annunciare la propria adesione a EXPO 2027, in linea con il tradizionale sostegno dell\u2019Italia al lavoro del BIE e alle Esposizioni Internazionali come piattaforme di dialogo tra Paesi. EXPO 2027 Belgrado, dal titolo \u201cPlay for Humanity: Sport and Music for All&#8221;, ha raccolto la partecipazione di oltre 135 Paesi ed \u00e8 incentrata sul concetto di gioco declinato in tutte le sue sfumature.<\/p>\n<p>\u201cEXPO 2027 Belgrado \u2013 ha dichiarato l\u2019Ambasciatore Gori \u2013 sar\u00e0 uno spazio per connettere, innovare e costruire insieme, nel segno dell\u2019inclusione e della promozione della nostra industria creativa. Puntiamo a raccontare la ricchezza del patrimonio culturale, musicale e sportivo del nostro Paese, anche attraverso uno spazio dedicato alle Regioni italiane, e ad attivare nuove progettualit\u00e0 destinate a proseguire oltre il 2027.\u201d In questa direzione \u2013 ha aggiunto \u2013 gi\u00e0 nel 2026 \u00e8 stato lanciato \u201cPlay with IT\u201d, un Festival della creativit\u00e0 italiana volto a stimolare progetti congiunti nei diversi ambiti del design, della moda, della musica, dello sport, dell\u2019innovazione e della cucina.<\/p>\n<p>A margine della cerimonia di firma, l\u2019Ambasciatore Gori e la Commissaria Generale di EXPO 2027 Belgrado hanno avuto un incontro di approfondimento sullo stato di preparazione del progetto del Padiglione Italiano. Lo spazio espositivo italiano porr\u00e0 le persone al centro, offrendo un\u2019esperienza immersiva che consentir\u00e0 di esplorare come sport, musica e innovazione contribuiscano alla coesione sociale, allo sviluppo tecnologico e al progresso economico.<\/p>\n","protected":false},"excerpt":{"rendered":"L\u2019Ambasciatore d\u2019Italia in Serbia, Luca Gori, ha firmato oggi il contratto di partecipazione dell\u2019Italia all\u2019Esposizione Specializzata EXPO 2027 Belgrado, in qualit\u00e0 di Commissario di Sezione. La firma \u00e8 avvenuta insieme alla Commissaria Generale e Ministra per il Commercio Interno ed Estero, Jagoda Lazarevi\u0107, ed al Direttore dell\u2019Esposizione, Danilo Jerini\u0107. Alla cerimonia, ospitata nella cornice dell\u2019Expo [&hellip;]","protected":false},"author":7,"featured_media":15119,"comment_status":"closed","ping_status":"closed","sticky":false,"template":"","format":"standard","meta":{"footnotes":""},"tags":[],"class_list":["post-15118","post","type-post","status-publish","format-standard","has-post-thumbnail","hentry"],"_links":{"self":[{"href":"https:\/\/ambbelgrado.esteri.it\/it\/wp-json\/wp\/v2\/posts\/15118","targetHints":{"allow":["GET"]}}],"collection":[{"href":"https:\/\/ambbelgrado.esteri.it\/it\/wp-json\/wp\/v2\/posts"}],"about":[{"href":"https:\/\/ambbelgrado.esteri.it\/it\/wp-json\/wp\/v2\/types\/post"}],"author":[{"embeddable":true,"href":"https:\/\/ambbelgrado.esteri.it\/it\/wp-json\/wp\/v2\/users\/7"}],"replies":[{"embeddable":true,"href":"https:\/\/ambbelgrado.esteri.it\/it\/wp-json\/wp\/v2\/comments?post=15118"}],"version-history":[{"count":1,"href":"https:\/\/ambbelgrado.esteri.it\/it\/wp-json\/wp\/v2\/posts\/15118\/revisions"}],"predecessor-version":[{"id":15128,"href":"https:\/\/ambbelgrado.esteri.it\/it\/wp-json\/wp\/v2\/posts\/15118\/revisions\/15128"}],"wp:featuredmedia":[{"embeddable":true,"href":"https:\/\/ambbelgrado.esteri.it\/it\/wp-json\/wp\/v2\/media\/15119"}],"wp:attachment":[{"href":"https:\/\/ambbelgrado.esteri.it\/it\/wp-json\/wp\/v2\/media?parent=15118"}],"wp:term":[{"taxonomy":"post_tag","embeddable":true,"href":"https:\/\/ambbelgrado.esteri.it\/it\/wp-json\/wp\/v2\/tags?post=15118"}],"curies":[{"name":"wp","href":"https:\/\/api.w.org\/{rel}","templated":true}]}}