{"id":14394,"date":"2025-12-03T13:02:59","date_gmt":"2025-12-03T12:02:59","guid":{"rendered":"https:\/\/ambbelgrado.esteri.it\/?p=14394"},"modified":"2025-12-03T13:02:59","modified_gmt":"2025-12-03T12:02:59","slug":"italia-serbia-lambasciatore-ditalia-in-serbia-luca-gori-incontra-la-ministra-per-il-commercio-interno-ed-estero-e-commissaria-generale-expo-2027-belgrado-jagoda-lazarev","status":"publish","type":"post","link":"https:\/\/ambbelgrado.esteri.it\/it\/news\/dall_ambasciata\/2025\/12\/italia-serbia-lambasciatore-ditalia-in-serbia-luca-gori-incontra-la-ministra-per-il-commercio-interno-ed-estero-e-commissaria-generale-expo-2027-belgrado-jagoda-lazarev\/","title":{"rendered":"ITALIA \u2013 SERBIA: L\u2019AMBASCIATORE D\u2019ITALIA IN SERBIA, LUCA GORI, INCONTRA LA MINISTRA PER IL COMMERCIO INTERNO ED ESTERO E COMMISSARIA GENERALE EXPO 2027 BELGRADO, JAGODA LAZAREVIC"},"content":{"rendered":"<p>L\u2019Ambasciatore d\u2019Italia in Serbia, Luca Gori, ha incontrato la Ministra per il Commercio Interno ed Estero e Commissaria Generale Expo 2027 Belgrado, Jagoda Lazarevic.<\/p>\n<p>Nel corso del colloquio si \u00e8 discusso dello stato dell\u2019economia serba e delle prospettive di sviluppo del commercio del Paese anche alla luce della fase di incertezza che sta vivendo. \u00c8 stato quindi ribadito il ruolo centrale dell\u2019Unione Europea come primo partner commerciale della Serbia, con l\u2019Italia saldamente al terzo posto (3,5 miliardi di euro di interscambio, +7,6% rispetto ai primi 9 mesi del 2024): un dato che conferma la vitalit\u00e0 e la solidit\u00e0 del partenariato economico tra Roma e Belgrado.<\/p>\n<p>Tra i temi affrontati, particolare rilievo \u00e8 stato dato alla partecipazione italiana a Expo 2027 Belgrado, che vedr\u00e0 il nostro Paese presente con uno dei padiglioni pi\u00f9 importanti.<\/p>\n<p>\u201cHo illustrato alla Ministra lo stato di preparazione della partecipazione italiana a Expo 2027 Belgrado, valorizzando il fatto che Belgrado \u00e8 stata nominata Capitale della Creativit\u00e0 Italiana nel Mondo per il 2026 dal Ministero degli Affari Esteri e della Cooperazione Internazionale\u201d, ha dichiarato l\u2019Ambasciatore d\u2019Italia in Serbia, Luca Gori. \u201cHo, inoltre, sottolineato \u2013 ha egli aggiunto &#8211; \u00a0che l\u2019Ambasciata e tutto il Sistema Italia in Serbia hanno gi\u00e0 predisposto per il 2026 un variegato programma di eventi economici e culturali focalizzato sulla preparazione ad Expo 2027 Belgrado, una sorta di Expo prima dell\u2019Expo\u201d.<\/p>\n","protected":false},"excerpt":{"rendered":"L\u2019Ambasciatore d\u2019Italia in Serbia, Luca Gori, ha incontrato la Ministra per il Commercio Interno ed Estero e Commissaria Generale Expo 2027 Belgrado, Jagoda Lazarevic. Nel corso del colloquio si \u00e8 discusso dello stato dell\u2019economia serba e delle prospettive di sviluppo del commercio del Paese anche alla luce della fase di incertezza che sta vivendo. \u00c8 [&hellip;]","protected":false},"author":7,"featured_media":14401,"comment_status":"closed","ping_status":"closed","sticky":false,"template":"","format":"standard","meta":{"footnotes":""},"tags":[7,8],"class_list":["post-14394","post","type-post","status-publish","format-standard","has-post-thumbnail","hentry","tag-diplomazia-culturale","tag-diplomazia-economica"],"_links":{"self":[{"href":"https:\/\/ambbelgrado.esteri.it\/it\/wp-json\/wp\/v2\/posts\/14394","targetHints":{"allow":["GET"]}}],"collection":[{"href":"https:\/\/ambbelgrado.esteri.it\/it\/wp-json\/wp\/v2\/posts"}],"about":[{"href":"https:\/\/ambbelgrado.esteri.it\/it\/wp-json\/wp\/v2\/types\/post"}],"author":[{"embeddable":true,"href":"https:\/\/ambbelgrado.esteri.it\/it\/wp-json\/wp\/v2\/users\/7"}],"replies":[{"embeddable":true,"href":"https:\/\/ambbelgrado.esteri.it\/it\/wp-json\/wp\/v2\/comments?post=14394"}],"version-history":[{"count":1,"href":"https:\/\/ambbelgrado.esteri.it\/it\/wp-json\/wp\/v2\/posts\/14394\/revisions"}],"predecessor-version":[{"id":14404,"href":"https:\/\/ambbelgrado.esteri.it\/it\/wp-json\/wp\/v2\/posts\/14394\/revisions\/14404"}],"wp:featuredmedia":[{"embeddable":true,"href":"https:\/\/ambbelgrado.esteri.it\/it\/wp-json\/wp\/v2\/media\/14401"}],"wp:attachment":[{"href":"https:\/\/ambbelgrado.esteri.it\/it\/wp-json\/wp\/v2\/media?parent=14394"}],"wp:term":[{"taxonomy":"post_tag","embeddable":true,"href":"https:\/\/ambbelgrado.esteri.it\/it\/wp-json\/wp\/v2\/tags?post=14394"}],"curies":[{"name":"wp","href":"https:\/\/api.w.org\/{rel}","templated":true}]}}