{"id":13499,"date":"2025-09-22T11:35:05","date_gmt":"2025-09-22T09:35:05","guid":{"rendered":"https:\/\/ambbelgrado.esteri.it\/?p=13499"},"modified":"2025-09-22T11:35:05","modified_gmt":"2025-09-22T09:35:05","slug":"lambasciatore-ditalia-luca-gori-incontra-il-ministro-dellagricoltura-delle-foreste-e-della-gestione-delle-risorse-idriche-serbo-dragan-glamocic","status":"publish","type":"post","link":"https:\/\/ambbelgrado.esteri.it\/it\/news\/dall_ambasciata\/2025\/09\/lambasciatore-ditalia-luca-gori-incontra-il-ministro-dellagricoltura-delle-foreste-e-della-gestione-delle-risorse-idriche-serbo-dragan-glamocic\/","title":{"rendered":"L\u2019AMBASCIATORE D\u2019ITALIA, LUCA GORI, INCONTRA IL MINISTRO DELL\u2019AGRICOLTURA, DELLE FORESTE E DELLA GESTIONE DELLE RISORSE IDRICHE SERBO, DRAGAN GLAMO\u010cI\u0106"},"content":{"rendered":"<p>L\u2019Ambasciatore d\u2019Italia in Serbia, Luca Gori, ha incontrato venerd\u00ec il Ministro dell\u2019Agricoltura, delle Foreste e della Gestione delle Risorse idriche serbo, Prof. Dr. Dragan Glamo\u010di\u0107. Nel corso del colloquio, \u00e8 stato sottolineato come l\u2019Italia rappresenti uno dei mercati pi\u00f9 importanti e promettenti per la Serbia. Sono state inoltre discusse le opportunit\u00e0 per aumentare gli investimenti italiani in Serbia, in special modo nel settore della trasformazione, in modo da contribuire al miglioramento della competitivit\u00e0 dell\u2019agricoltura serba.<\/p>\n<p>Nel corso dell\u2019incontro \u00e8 stata enfatizzata la partecipazione di primo piano dell\u2019Italia alla Fiera Internazionale dell\u2019Agricoltura di Novi Sad ed alla Fiera Internazionale \u201cWine Vision by Open Balkan\u201d. Sono numerose le aziende italiane, fra cui Ferrero, che investono nel settore agricolo serbo creando lavoro, innovazione e opportunit\u00e0 di sviluppo per l\u2019intero settore. Al riguardo, \u00e8 stata annunciata una visita congiunta del Ministro Glamo\u010di\u0107 e dell\u2019Ambasciatore Gori presso l\u2019azienda Ferrero in Serbia. Infine, si \u00e8 discusso della possibilit\u00e0 di firmare un nuovo MoU fra il Ministero dell\u2019Agricoltura, delle Foreste e della Gestione delle Risorse idriche serbo ed il Ministero dell\u2019Agricoltura, della Sovranit\u00e0 Alimentare e delle Foreste italiano per approfondire e rinnovare i meccanismi di cooperazione bilaterale.<\/p>\n<p>\u201cItalia e Serbia hanno importanti margini di cooperazione da sfruttare nel settore agricolo e della trasformazione produttiva\u201d ha dichiarato l\u2019Ambasciatore d\u2019Italia in Serbia, Luca Gori. \u201cContinueremo ad investire nella Fiera Internazionale dell\u2019Agricoltura di Novi Sad ed in quella \u201cWine Vision by Open Balkan\u201d \u2013 ha egli aggiunto \u2013 oltre che nella realizzazione di distretti biologici sul modello di quelli italiani\u201d.<\/p>\n","protected":false},"excerpt":{"rendered":"L\u2019Ambasciatore d\u2019Italia in Serbia, Luca Gori, ha incontrato venerd\u00ec il Ministro dell\u2019Agricoltura, delle Foreste e della Gestione delle Risorse idriche serbo, Prof. Dr. Dragan Glamo\u010di\u0107. Nel corso del colloquio, \u00e8 stato sottolineato come l\u2019Italia rappresenti uno dei mercati pi\u00f9 importanti e promettenti per la Serbia. Sono state inoltre discusse le opportunit\u00e0 per aumentare gli investimenti [&hellip;]","protected":false},"author":6,"featured_media":13501,"comment_status":"closed","ping_status":"closed","sticky":false,"template":"","format":"standard","meta":{"footnotes":""},"tags":[],"class_list":["post-13499","post","type-post","status-publish","format-standard","has-post-thumbnail","hentry"],"_links":{"self":[{"href":"https:\/\/ambbelgrado.esteri.it\/it\/wp-json\/wp\/v2\/posts\/13499","targetHints":{"allow":["GET"]}}],"collection":[{"href":"https:\/\/ambbelgrado.esteri.it\/it\/wp-json\/wp\/v2\/posts"}],"about":[{"href":"https:\/\/ambbelgrado.esteri.it\/it\/wp-json\/wp\/v2\/types\/post"}],"author":[{"embeddable":true,"href":"https:\/\/ambbelgrado.esteri.it\/it\/wp-json\/wp\/v2\/users\/6"}],"replies":[{"embeddable":true,"href":"https:\/\/ambbelgrado.esteri.it\/it\/wp-json\/wp\/v2\/comments?post=13499"}],"version-history":[{"count":1,"href":"https:\/\/ambbelgrado.esteri.it\/it\/wp-json\/wp\/v2\/posts\/13499\/revisions"}],"predecessor-version":[{"id":13506,"href":"https:\/\/ambbelgrado.esteri.it\/it\/wp-json\/wp\/v2\/posts\/13499\/revisions\/13506"}],"wp:featuredmedia":[{"embeddable":true,"href":"https:\/\/ambbelgrado.esteri.it\/it\/wp-json\/wp\/v2\/media\/13501"}],"wp:attachment":[{"href":"https:\/\/ambbelgrado.esteri.it\/it\/wp-json\/wp\/v2\/media?parent=13499"}],"wp:term":[{"taxonomy":"post_tag","embeddable":true,"href":"https:\/\/ambbelgrado.esteri.it\/it\/wp-json\/wp\/v2\/tags?post=13499"}],"curies":[{"name":"wp","href":"https:\/\/api.w.org\/{rel}","templated":true}]}}