{"id":13488,"date":"2025-09-19T10:08:47","date_gmt":"2025-09-19T08:08:47","guid":{"rendered":"https:\/\/ambbelgrado.esteri.it\/?p=13488"},"modified":"2025-09-19T10:08:47","modified_gmt":"2025-09-19T08:08:47","slug":"x-edizione-del-festival-del-cinema-italo-serbo-18-22-settembre-2025","status":"publish","type":"post","link":"https:\/\/ambbelgrado.esteri.it\/it\/news\/dall_ambasciata\/2025\/09\/x-edizione-del-festival-del-cinema-italo-serbo-18-22-settembre-2025\/","title":{"rendered":"X EDIZIONE DEL FESTIVAL DEL CINEMA ITALO-SERBO (18-22 SETTEMBRE 2025)"},"content":{"rendered":"<p>Si \u00e8 svolta a Belgrado, presso la Residenza dell\u2019Ambasciatore d\u2019Italia, Luca Gori, la conferenza stampa di apertura della decima edizione del Festival del Cinema Italo-Serbo, manifestazione divenuta negli anni un appuntamento culturale di rilievo per la promozione del dialogo artistico e della cooperazione cinematografica tra Italia e Serbia.<\/p>\n<p>Alla presenza di rappresentanti del mondo del cinema e dei media, sono stati presentati il programma e le varie iniziative di questa edizione, che proporr\u00e0 al pubblico una selezione di pellicole italiane e serbe, nonch\u00e9 incontri con produttori e attori, fra cui Fortunato Cerlino e Salvatore Esposito, gi\u00e0 protagonisti della serie \u2018Gomorra\u2019 e presenti nel cast del film \u2018Den of Thieves 2\u2019, che sar\u00e0 proiettato al Festival.<\/p>\n<p>Il Festival, diretto da Gabriella Carlucci, \u00e8 organizzato da Excellence International in collaborazione con la Cineteca Jugoslava e con il sostegno dell\u2019Ambasciata d\u2019Italia a Belgrado e dell\u2019Istituto Italiano di Cultura in Serbia.<\/p>\n<p>\u00abIl Festival del Cinema Italo-Serbo, giunto quest\u2019anno alla sua decima edizione, \u00e8 una preziosa testimonianza dei legami culturali che uniscono i nostri Paesi\u201d, ha dichiarato l\u2019Ambasciatore d\u2019Italia a Belgrado, Luca Gori. \u201cNel settore della produzione cinematografica \u2013 ha aggiunto l\u2019Ambasciatore \u2013 Italia e Serbia possono contare anche su un accordo bilaterale che offre molte opportunit\u00e0.\u00bb<\/p>\n","protected":false},"excerpt":{"rendered":"Si \u00e8 svolta a Belgrado, presso la Residenza dell\u2019Ambasciatore d\u2019Italia, Luca Gori, la conferenza stampa di apertura della decima edizione del Festival del Cinema Italo-Serbo, manifestazione divenuta negli anni un appuntamento culturale di rilievo per la promozione del dialogo artistico e della cooperazione cinematografica tra Italia e Serbia. Alla presenza di rappresentanti del mondo del [&hellip;]","protected":false},"author":6,"featured_media":13489,"comment_status":"closed","ping_status":"closed","sticky":false,"template":"","format":"standard","meta":{"footnotes":""},"tags":[],"class_list":["post-13488","post","type-post","status-publish","format-standard","has-post-thumbnail","hentry"],"_links":{"self":[{"href":"https:\/\/ambbelgrado.esteri.it\/it\/wp-json\/wp\/v2\/posts\/13488","targetHints":{"allow":["GET"]}}],"collection":[{"href":"https:\/\/ambbelgrado.esteri.it\/it\/wp-json\/wp\/v2\/posts"}],"about":[{"href":"https:\/\/ambbelgrado.esteri.it\/it\/wp-json\/wp\/v2\/types\/post"}],"author":[{"embeddable":true,"href":"https:\/\/ambbelgrado.esteri.it\/it\/wp-json\/wp\/v2\/users\/6"}],"replies":[{"embeddable":true,"href":"https:\/\/ambbelgrado.esteri.it\/it\/wp-json\/wp\/v2\/comments?post=13488"}],"version-history":[{"count":1,"href":"https:\/\/ambbelgrado.esteri.it\/it\/wp-json\/wp\/v2\/posts\/13488\/revisions"}],"predecessor-version":[{"id":13492,"href":"https:\/\/ambbelgrado.esteri.it\/it\/wp-json\/wp\/v2\/posts\/13488\/revisions\/13492"}],"wp:featuredmedia":[{"embeddable":true,"href":"https:\/\/ambbelgrado.esteri.it\/it\/wp-json\/wp\/v2\/media\/13489"}],"wp:attachment":[{"href":"https:\/\/ambbelgrado.esteri.it\/it\/wp-json\/wp\/v2\/media?parent=13488"}],"wp:term":[{"taxonomy":"post_tag","embeddable":true,"href":"https:\/\/ambbelgrado.esteri.it\/it\/wp-json\/wp\/v2\/tags?post=13488"}],"curies":[{"name":"wp","href":"https:\/\/api.w.org\/{rel}","templated":true}]}}