{"id":13143,"date":"2025-06-19T16:15:37","date_gmt":"2025-06-19T14:15:37","guid":{"rendered":"https:\/\/ambbelgrado.esteri.it\/?p=13143"},"modified":"2025-06-19T16:43:47","modified_gmt":"2025-06-19T14:43:47","slug":"italia-serbia-lamb-gori-incontra-la-ministra-per-il-commercio-interno-ed-estero-jagoda-lazarevic","status":"publish","type":"post","link":"https:\/\/ambbelgrado.esteri.it\/it\/news\/dall_ambasciata\/2025\/06\/italia-serbia-lamb-gori-incontra-la-ministra-per-il-commercio-interno-ed-estero-jagoda-lazarevic\/","title":{"rendered":"ITALIA \u2013 SERBIA: L\u2019AMB. GORI INCONTRA LA MINISTRA PER IL COMMERCIO INTERNO ED ESTERO, JAGODA LAZAREVIC"},"content":{"rendered":"<p>L\u2019Ambasciatore d\u2019Italia in Serbia, Luca Gori, ha incontrato oggi la Ministra per il Commercio Interno ed Estero, Jagoda Lazarevic.<\/p>\n<p>Nel corso del colloquio \u00e8 stato ribadito il ruolo centrale dell\u2019Unione Europea come primo partner commerciale della Serbia, con l\u2019Italia saldamente al terzo posto: un dato che conferma la vitalit\u00e0 e la solidit\u00e0 del partenariato economico tra Roma e Belgrado.<\/p>\n<p>Tra i temi affrontati, particolare rilievo \u00e8 stato dato alla necessit\u00e0 di rendere pi\u00f9 fluido e sostenibile l\u2019interscambio commerciale, puntando sul rilancio della direttrice ferroviaria Trieste\u2013Belgrado in un\u2019ottica di sostenibilit\u00e0 ambientale, efficienza economica e promozione turistica. Anche l\u2019Esposizione specializzata che la Serbia ospiter\u00e0 nel 2027 \u00e8 stata identificata come una piattaforma privilegiata per rafforzare ulteriormente i legami economici tra i due Paesi e promuovere nuove forme di collaborazione settoriale.<\/p>\n<p>\u201cItalia e Serbia condividono una relazione economica solida, fondata su interessi comuni e una visione europea del loro futuro\u201d, ha dichiarato l\u2019Ambasciatore Gori. \u201cL\u2019ulteriore sviluppo dei collegamenti infrastrutturali, a partire da quello tra Trieste e Belgrado, e l\u2019orizzonte offerto da EXPO 2027 \u2013 ha aggiunto Gori &#8211; rappresentano opportunit\u00e0 concrete per rafforzare una cooperazione orientata allo sviluppo sostenibile\u201d.<\/p>\n","protected":false},"excerpt":{"rendered":"L\u2019Ambasciatore d\u2019Italia in Serbia, Luca Gori, ha incontrato oggi la Ministra per il Commercio Interno ed Estero, Jagoda Lazarevic. Nel corso del colloquio \u00e8 stato ribadito il ruolo centrale dell\u2019Unione Europea come primo partner commerciale della Serbia, con l\u2019Italia saldamente al terzo posto: un dato che conferma la vitalit\u00e0 e la solidit\u00e0 del partenariato economico [&hellip;]","protected":false},"author":7,"featured_media":13146,"comment_status":"closed","ping_status":"closed","sticky":false,"template":"","format":"standard","meta":{"footnotes":""},"tags":[8],"class_list":["post-13143","post","type-post","status-publish","format-standard","has-post-thumbnail","hentry","tag-diplomazia-economica"],"_links":{"self":[{"href":"https:\/\/ambbelgrado.esteri.it\/it\/wp-json\/wp\/v2\/posts\/13143","targetHints":{"allow":["GET"]}}],"collection":[{"href":"https:\/\/ambbelgrado.esteri.it\/it\/wp-json\/wp\/v2\/posts"}],"about":[{"href":"https:\/\/ambbelgrado.esteri.it\/it\/wp-json\/wp\/v2\/types\/post"}],"author":[{"embeddable":true,"href":"https:\/\/ambbelgrado.esteri.it\/it\/wp-json\/wp\/v2\/users\/7"}],"replies":[{"embeddable":true,"href":"https:\/\/ambbelgrado.esteri.it\/it\/wp-json\/wp\/v2\/comments?post=13143"}],"version-history":[{"count":2,"href":"https:\/\/ambbelgrado.esteri.it\/it\/wp-json\/wp\/v2\/posts\/13143\/revisions"}],"predecessor-version":[{"id":13158,"href":"https:\/\/ambbelgrado.esteri.it\/it\/wp-json\/wp\/v2\/posts\/13143\/revisions\/13158"}],"wp:featuredmedia":[{"embeddable":true,"href":"https:\/\/ambbelgrado.esteri.it\/it\/wp-json\/wp\/v2\/media\/13146"}],"wp:attachment":[{"href":"https:\/\/ambbelgrado.esteri.it\/it\/wp-json\/wp\/v2\/media?parent=13143"}],"wp:term":[{"taxonomy":"post_tag","embeddable":true,"href":"https:\/\/ambbelgrado.esteri.it\/it\/wp-json\/wp\/v2\/tags?post=13143"}],"curies":[{"name":"wp","href":"https:\/\/api.w.org\/{rel}","templated":true}]}}