{"id":10315,"date":"2024-05-28T15:09:05","date_gmt":"2024-05-28T13:09:05","guid":{"rendered":"https:\/\/ambbelgrado.esteri.it\/?p=10315"},"modified":"2024-08-06T12:52:33","modified_gmt":"2024-08-06T10:52:33","slug":"forum-imprenditoriale-italia-serbia-24-maggio-2024","status":"publish","type":"post","link":"https:\/\/ambbelgrado.esteri.it\/it\/news\/dall_ambasciata\/2024\/05\/forum-imprenditoriale-italia-serbia-24-maggio-2024\/","title":{"rendered":"FORUM IMPRENDITORIALE ITALIA-SERBIA 24 MAGGIO 2024"},"content":{"rendered":"<p>Il Vice Presidente del Consiglio dei Ministri e Ministro degli Affari Esteri e della Cooperazione Internazionale, On. Antonio Tajani, ha aperto venerd\u00ec scorso a Trieste il Forum Imprenditoriale Italia-Serbia, dedicato al tema \u201cTransizione verde: nuove opportunit\u00e0 per la collaborazione bilaterale\u201d.<\/p>\n<p>\u201cIl Governo ha investito fortemente su un rilancio della presenza economica italiana nei Balcani Occidentali, un\u2019area nevralgica per il futuro dell\u2019Europa, con la predisposizione di nuovi pacchetti di strumenti finanziari a sostegno delle imprese italiane e serbe\u201d ha commentato Tajani, che ha evidenziato come Belgrado sia la prima capitale extra-UE a ospitare tutti gli attori del Sistema Italia \u2013 con l\u2019apertura degli uffici di SACE, SIMEST, CDP.<\/p>\n<p>\u201cCon questo Forum \u2013 ha aggiunto il Ministro \u2013 vogliamo proseguire lungo il percorso di rafforzamento delle relazioni economiche e commerciali bilaterali, dopo il successo del Business Forum organizzato a Belgrado nel marzo 2023\u201d.<\/p>\n<p>Durante la sessione plenaria sono intervenuti inoltre il Primo Ministro della Repubblica di Serbia Milo\u0161 Vu\u010devi\u0107, il Sottosegretario al Ministero dell\u2019Economia e Finanze, Sandra Savino, la Presidente della Commissione Affari Esteri e Difesa del Senato Stefania Craxi, il Presidente della Regione Autonoma Friuli Venezia Giulia Massimiliano Fedriga e il Sindaco di Trieste Roberto Dipiazza.<\/p>\n<p>\u00c8 seguito un segmento al quale sono intervenuti il Presidente di Ice Agenzia, Matteo Zoppas, e rappresentanti di SACE, Simest, Cassa Depositi e Prestiti, Confindustria insieme ai loro omologhi serbi, per confrontarsi sulle opportunit\u00e0 di collaborazione economica bilaterale e gli strumenti finanziari per l\u2019internazionalizzazione e per firmare una serie di accordi e intese.<\/p>\n<p>Successivamente si sono svolti tre tavoli tematici con la partecipazione del Ministro dell\u2019Ambiente e sicurezza energetica, Gilberto Pichetto Fratin, dell\u2019AD di Filiera Italia Luigi Scordamaglia e del Vice Primo Ministro e Ministro dell\u2019Ambiente serbo Vujovi\u0107, dei Ministri delle Miniere e Energia \u0110edovi\u0107 Handanovi\u0107, dell\u2019Agricoltura, Foreste e gestione acque Martinovi\u0107, delle Costruzioni, Trasporti e Infrastrutture Vesi\u0107 e del Commercio Momirovi\u0107. Nel pomeriggio si \u00e8 tenuta infine una sessione di incontri B2B, con la presenza di oltre 170 imprese italiane e 78 serbe.<\/p>\n","protected":false},"excerpt":{"rendered":"Il Vice Presidente del Consiglio dei Ministri e Ministro degli Affari Esteri e della Cooperazione Internazionale, On. Antonio Tajani, ha aperto venerd\u00ec scorso a Trieste il Forum Imprenditoriale Italia-Serbia, dedicato al tema \u201cTransizione verde: nuove opportunit\u00e0 per la collaborazione bilaterale\u201d. \u201cIl Governo ha investito fortemente su un rilancio della presenza economica italiana nei Balcani Occidentali, [&hellip;]","protected":false},"author":6,"featured_media":10332,"comment_status":"closed","ping_status":"closed","sticky":false,"template":"","format":"standard","meta":{"footnotes":""},"tags":[8],"class_list":["post-10315","post","type-post","status-publish","format-standard","has-post-thumbnail","hentry","tag-diplomazia-economica"],"_links":{"self":[{"href":"https:\/\/ambbelgrado.esteri.it\/it\/wp-json\/wp\/v2\/posts\/10315","targetHints":{"allow":["GET"]}}],"collection":[{"href":"https:\/\/ambbelgrado.esteri.it\/it\/wp-json\/wp\/v2\/posts"}],"about":[{"href":"https:\/\/ambbelgrado.esteri.it\/it\/wp-json\/wp\/v2\/types\/post"}],"author":[{"embeddable":true,"href":"https:\/\/ambbelgrado.esteri.it\/it\/wp-json\/wp\/v2\/users\/6"}],"replies":[{"embeddable":true,"href":"https:\/\/ambbelgrado.esteri.it\/it\/wp-json\/wp\/v2\/comments?post=10315"}],"version-history":[{"count":2,"href":"https:\/\/ambbelgrado.esteri.it\/it\/wp-json\/wp\/v2\/posts\/10315\/revisions"}],"predecessor-version":[{"id":10331,"href":"https:\/\/ambbelgrado.esteri.it\/it\/wp-json\/wp\/v2\/posts\/10315\/revisions\/10331"}],"wp:featuredmedia":[{"embeddable":true,"href":"https:\/\/ambbelgrado.esteri.it\/it\/wp-json\/wp\/v2\/media\/10332"}],"wp:attachment":[{"href":"https:\/\/ambbelgrado.esteri.it\/it\/wp-json\/wp\/v2\/media?parent=10315"}],"wp:term":[{"taxonomy":"post_tag","embeddable":true,"href":"https:\/\/ambbelgrado.esteri.it\/it\/wp-json\/wp\/v2\/tags?post=10315"}],"curies":[{"name":"wp","href":"https:\/\/api.w.org\/{rel}","templated":true}]}}